{"id":166618,"date":"2019-04-30T23:55:17","date_gmt":"2019-04-30T23:55:17","guid":{"rendered":"https:\/\/www.enteratever.com\/2023\/8-mil-trabajadores-se-espera-participen-en-el-desfile-del-dia-del-trabajo-en-poza-rica\/"},"modified":"2019-04-30T23:55:17","modified_gmt":"2019-04-30T23:55:17","slug":"8-mil-trabajadores-se-espera-participen-en-el-desfile-del-dia-del-trabajo-en-poza-rica","status":"publish","type":"post","link":"https:\/\/www.enteratever.com\/2023\/2019\/04\/30\/8-mil-trabajadores-se-espera-participen-en-el-desfile-del-dia-del-trabajo-en-poza-rica\/","title":{"rendered":"8 mil trabajadores se espera participen en el desfile del D\u00eda del Trabajo en Poza Rica"},"content":{"rendered":"<p>Visitas: 1<\/p><p><iframe loading=\"lazy\" title=\"8 mil trabajadores se espera participen en el desfile del D\u00eda del Trabajo en Poza Rica\" width=\"696\" height=\"392\" src=\"https:\/\/www.youtube.com\/embed\/wra_5EhLmfw?feature=oembed\" frameborder=\"0\" allow=\"accelerometer; autoplay; clipboard-write; encrypted-media; gyroscope; picture-in-picture; web-share\" allowfullscreen><\/iframe><\/p>\n<p style=\"text-align: justify;\">El desfile del D\u00eda de Trabajo de Poza Rica se espera participen m\u00e1s de 12 sindicatos de trabajadores y alrededor de 8 mil personas quienes a trav\u00e9s de las mantas o pancartas expresen sus principales demandas.<\/p>\n<p style=\"text-align: justify;\">Ram\u00f3n Rosas Caro, Director de Educaci\u00f3n, Cultura y Deporte se\u00f1al\u00f3 que la ruta que dise\u00f1\u00f3 el ayuntamiento de Poza Rica inicia en el puente el Hueleque sobre el Bulevar Adolfo Ruiz Cortines, utilizar\u00e1n el carril superior, llagar\u00e1 al Palacio Municipal, tomar\u00e1n la 8 oriente hasta llegar a la Plaza Civil 18 de Marzo.<\/p>\n<p style=\"text-align: justify;\">Son 12 los contingentes que est\u00e1n confirmados, entre los m\u00e1s grandes se encuentras: la secci\u00f3n 30 del Sindicato de Trabajadores Petroleros de la Rep\u00fablica Mexicana (STPRM), 32 y 56 del Sindicato Nacional de Trabajadores de la Educaci\u00f3n (SNTE), Confederaci\u00f3n Nacional de Organizaciones Populares (CNOP), Confederaci\u00f3n Revolucionaria de Obreros y Campesinos (CROC) y Confederaci\u00f3n de Trabajadores de M\u00e9xico (CTM) entre otros.<\/p>\n<p style=\"text-align: justify;\">A\u00f1adi\u00f3 que el desfile con motivo del D\u00eda del Trabajo inicia a las 9:00 de la ma\u00f1ana, se tiene previsto concluya entre 10:00 y 10:30 de la ma\u00f1ana. Previo a esto se cerrar\u00e1n parte del Bulevar Adolfo Ruiz Cortines desde las 7:30 y hasta la 13:00 horas.<\/p>\n<p style=\"text-align: justify;\">En esta ocasi\u00f3n ser\u00e1 el SNTE secci\u00f3n 32 los encargados de dar el discurso oficial alusivo a la fecha. Asegur\u00f3 que est\u00e1 garantizada la seguridad se realizar\u00e1 un operativo conjunto entre la Polic\u00eda Municipal, Tr\u00e1nsito del Estado y Protecci\u00f3n Civil.<\/p>\n<p style=\"text-align: justify;\">Para concluir, a\u00f1adi\u00f3 que todos los contingentes de trabajadores que gusten participar incluso grupos independientes pueden acudir al desfile y formarse sin ning\u00fan problema.<\/p>\n","protected":false},"excerpt":{"rendered":"<p>Visitas: 1 El desfile del D\u00eda de Trabajo de Poza Rica se espera participen m\u00e1s de 12 sindicatos de trabajadores y alrededor de 8 mil personas quienes a trav\u00e9s de las mantas o pancartas expresen sus principales demandas. Ram\u00f3n Rosas Caro, Director de Educaci\u00f3n, Cultura y Deporte se\u00f1al\u00f3 que la ruta que dise\u00f1\u00f3 el ayuntamiento [&hellip;]<\/p>\n","protected":false},"author":6,"featured_media":166619,"comment_status":"open","ping_status":"open","sticky":false,"template":"","format":"standard","meta":{"footnotes":""},"categories":[213],"tags":[],"class_list":{"0":"post-166618","1":"post","2":"type-post","3":"status-publish","4":"format-standard","5":"has-post-thumbnail","7":"category-poza-rica"},"nelio_content":{"isAutoShareEnabled":true,"autoShareEndMode":"never","automationSources":{"useCustomSentences":false,"customSentences":[]},"followers":[],"suggestedReferences":[],"efiUrl":"","efiAlt":"","highlights":[],"permalinkQueryArgs":[],"series":[]},"_links":{"self":[{"href":"https:\/\/www.enteratever.com\/2023\/wp-json\/wp\/v2\/posts\/166618","targetHints":{"allow":["GET"]}}],"collection":[{"href":"https:\/\/www.enteratever.com\/2023\/wp-json\/wp\/v2\/posts"}],"about":[{"href":"https:\/\/www.enteratever.com\/2023\/wp-json\/wp\/v2\/types\/post"}],"author":[{"embeddable":true,"href":"https:\/\/www.enteratever.com\/2023\/wp-json\/wp\/v2\/users\/6"}],"replies":[{"embeddable":true,"href":"https:\/\/www.enteratever.com\/2023\/wp-json\/wp\/v2\/comments?post=166618"}],"version-history":[{"count":0,"href":"https:\/\/www.enteratever.com\/2023\/wp-json\/wp\/v2\/posts\/166618\/revisions"}],"wp:featuredmedia":[{"embeddable":true,"href":"https:\/\/www.enteratever.com\/2023\/wp-json\/wp\/v2\/media\/166619"}],"wp:attachment":[{"href":"https:\/\/www.enteratever.com\/2023\/wp-json\/wp\/v2\/media?parent=166618"}],"wp:term":[{"taxonomy":"category","embeddable":true,"href":"https:\/\/www.enteratever.com\/2023\/wp-json\/wp\/v2\/categories?post=166618"},{"taxonomy":"post_tag","embeddable":true,"href":"https:\/\/www.enteratever.com\/2023\/wp-json\/wp\/v2\/tags?post=166618"}],"curies":[{"name":"wp","href":"https:\/\/api.w.org\/{rel}","templated":true}]}}