{"id":166616,"date":"2019-04-30T20:53:11","date_gmt":"2019-04-30T20:53:11","guid":{"rendered":"https:\/\/www.enteratever.com\/2023\/no-fue-aprobado-el-aumento-20-al-impuesto-predial-en-poza-rica\/"},"modified":"2019-04-30T20:53:11","modified_gmt":"2019-04-30T20:53:11","slug":"no-fue-aprobado-el-aumento-20-al-impuesto-predial-en-poza-rica","status":"publish","type":"post","link":"https:\/\/www.enteratever.com\/2023\/2019\/04\/30\/no-fue-aprobado-el-aumento-20-al-impuesto-predial-en-poza-rica\/","title":{"rendered":"No fue aprobado el aumento 20 % al impuesto predial en Poza Rica"},"content":{"rendered":"<p>Visitas: 2<\/p><p style=\"text-align: justify;\">Propuesta para aumentar en un 20 por ciento el impuesto predial no fue aprobada, por unanimidad los ediles decidieron que Poza Rica no cuenta con las condiciones econ\u00f3micas para que se aplique tal incremento, sin embargo algunos se\u00f1alaron que podr\u00eda revisarse m\u00e1s adelante.<\/p>\n<p style=\"text-align: justify;\">Mar\u00eda de la Luz Mira Alarc\u00f3n, Regidora comisionada en Hacienda fue quien present\u00f3 la propuesta argumentando que Poza Rica desde el a\u00f1o 203 ha realizado el cobro de este impuesto con las tarifas autorizadas por el Congreso del Estado de Veracruz, desde esa fecha y hasta este 2019 no han sufrido ninguna modificaci\u00f3n dichas cuotas.<\/p>\n<p style=\"text-align: justify;\">La regidora present\u00f3 la propuesta para que fuera sometida al cabildo para su aprobaci\u00f3n la tabla de valores catastrales unitaria de suelo y para las construcciones a aplicar para el Ejercicio Fiscal 2020.<\/p>\n<p style=\"text-align: justify;\">En el a\u00f1o 2018 se recaudaron 18 millones 68 mil 512 por este concepto, a\u00f1adi\u00f3 que de ser aprobada se recaudar\u00eda en el municipio el monto de 21 millones 682 mil 214 pesos, recurso que asegur\u00f3 redundar\u00eda en obras.<\/p>\n<p style=\"text-align: justify;\">Francisco Javier Vel\u00e1zquez Vallejo, Presidente Municipal abund\u00f3 que la propuesta fue enviada por la tesorer\u00eda municipal y agreg\u00f3 que Poza Rica es uno de los municipios que menor recaudaci\u00f3n tienen en la entidad veracruzana a pesar del gran n\u00famero de habitantes comparados con municipios como: Xalapa con 459 mil habitantes m\u00e1s del doble de los de Poza Rica recauda 105 millones de pesos; Orizaba con la mitad de habitantes obtienen por este impuesto 34 millones 154 mil pesos; C\u00f3rdoba con una poblaci\u00f3n similar logra juntar 21 millones de pesos en el predial, Boca del R\u00edo 92 millones de pesos, con una menor cantidad de habitantes que esta ciudad.<\/p>\n<p style=\"text-align: justify;\">Recalc\u00f3 que quiz\u00e1 en este momento no sea el momento oportuno, pero a\u00f1adi\u00f3 que en alg\u00fan momento se deber\u00e1 hacer un ajuste en las tarifas del impuesto predial. En la sesi\u00f3n extraordinaria los ediles discutieron el punto durante una hora, la regidora Dulce Carpizo Bauza, se\u00f1al\u00f3 que la estrategia de la tesorer\u00eda debe de cambiar el lugar de aumentar el impuesto deben de buscar la forma de generar que aquellos ciudadanos no est\u00e1n pagando realicen su aporte.<\/p>\n<p style=\"text-align: justify;\">Por su parte el edil, Aldo Maldonado Mac\u00edas enfatiz\u00f3 que no es posible que el \u201cpremio\u201d a la formalidad sea aumentar un 20% este impuesto, recalc\u00f3 que se tienen conocimiento que son las personas de escasos recursos las que m\u00e1s pagan, mientras que los de las clases medias y altas lo que m\u00e1s han dejado de pagar. \u201cNo es la soluci\u00f3n, porque si no van a seguir pagando los que pagan siempre, la clase trabajadora\u201d.<\/p>\n","protected":false},"excerpt":{"rendered":"<p>Visitas: 2Propuesta para aumentar en un 20 por ciento el impuesto predial no fue aprobada, por unanimidad los ediles decidieron que Poza Rica no cuenta con las condiciones econ\u00f3micas para que se aplique tal incremento, sin embargo algunos se\u00f1alaron que podr\u00eda revisarse m\u00e1s adelante. Mar\u00eda de la Luz Mira Alarc\u00f3n, Regidora comisionada en Hacienda fue [&hellip;]<\/p>\n","protected":false},"author":6,"featured_media":166617,"comment_status":"open","ping_status":"open","sticky":false,"template":"","format":"standard","meta":{"footnotes":""},"categories":[213],"tags":[],"class_list":{"0":"post-166616","1":"post","2":"type-post","3":"status-publish","4":"format-standard","5":"has-post-thumbnail","7":"category-poza-rica"},"nelio_content":{"isAutoShareEnabled":true,"autoShareEndMode":"never","automationSources":{"useCustomSentences":false,"customSentences":[]},"followers":[],"suggestedReferences":[],"efiUrl":"","efiAlt":"","highlights":[],"permalinkQueryArgs":[],"series":[]},"_links":{"self":[{"href":"https:\/\/www.enteratever.com\/2023\/wp-json\/wp\/v2\/posts\/166616","targetHints":{"allow":["GET"]}}],"collection":[{"href":"https:\/\/www.enteratever.com\/2023\/wp-json\/wp\/v2\/posts"}],"about":[{"href":"https:\/\/www.enteratever.com\/2023\/wp-json\/wp\/v2\/types\/post"}],"author":[{"embeddable":true,"href":"https:\/\/www.enteratever.com\/2023\/wp-json\/wp\/v2\/users\/6"}],"replies":[{"embeddable":true,"href":"https:\/\/www.enteratever.com\/2023\/wp-json\/wp\/v2\/comments?post=166616"}],"version-history":[{"count":0,"href":"https:\/\/www.enteratever.com\/2023\/wp-json\/wp\/v2\/posts\/166616\/revisions"}],"wp:featuredmedia":[{"embeddable":true,"href":"https:\/\/www.enteratever.com\/2023\/wp-json\/wp\/v2\/media\/166617"}],"wp:attachment":[{"href":"https:\/\/www.enteratever.com\/2023\/wp-json\/wp\/v2\/media?parent=166616"}],"wp:term":[{"taxonomy":"category","embeddable":true,"href":"https:\/\/www.enteratever.com\/2023\/wp-json\/wp\/v2\/categories?post=166616"},{"taxonomy":"post_tag","embeddable":true,"href":"https:\/\/www.enteratever.com\/2023\/wp-json\/wp\/v2\/tags?post=166616"}],"curies":[{"name":"wp","href":"https:\/\/api.w.org\/{rel}","templated":true}]}}