{"id":166610,"date":"2019-04-27T15:00:39","date_gmt":"2019-04-27T15:00:39","guid":{"rendered":"https:\/\/www.enteratever.com\/2023\/ninos-demandan-seguridad-en-primer-foro-infantil\/"},"modified":"2019-04-27T15:00:39","modified_gmt":"2019-04-27T15:00:39","slug":"ninos-demandan-seguridad-en-primer-foro-infantil","status":"publish","type":"post","link":"https:\/\/www.enteratever.com\/2023\/2019\/04\/27\/ninos-demandan-seguridad-en-primer-foro-infantil\/","title":{"rendered":"Ni\u00f1os demandan seguridad en Primer Foro Infantil"},"content":{"rendered":"<p>Visitas: 1<\/p><p style=\"text-align: justify;\">El principal reclamo a las autoridades municipales en el primer Foro Infantil \u201cPor Nuestros Derechos\u201d fue el tema de la seguridad, los peque\u00f1os usaron el espacio que se les dio para pedir: Seguridad, Paz y Limpieza entre algunos otros.<\/p>\n<p style=\"text-align: justify;\">En el foro participaron ni\u00f1os y ni\u00f1as que contaron un poco sobre sus vivencias y como han superado los momentos adversos, los ponentes fueron: Abram David Reyes Beltr\u00e1n, Gerardo Hern\u00e1ndez Rodr\u00edguez, Fabricio V\u00e1zquez Bernab\u00e9 y Janeth Marian Alonso Rodr\u00edguez.<\/p>\n<p style=\"text-align: justify;\">\u201cEsta va dedicada para nuestro alcalde\u201d dijo la legisladora de Movimiento de Regeneraci\u00f3n Nacional (Morena), entre risas y pregunt\u00f3 a los peque\u00f1os \u00bfC\u00f3mo les gustar\u00eda que fuera su ciudad? A lo que los peque\u00f1os hicieron una lista de peticiones: m\u00e1s seguridad, limpia, respetuosa, una ciudad feliz, llena de paz y amor, con m\u00e1s botes de basura, libertad, m\u00e1s segura, m\u00e1s parques, luminaria y m\u00e1s trabajo.<\/p>\n<p style=\"text-align: justify;\">Los padres de familia al escuchar que se pod\u00edan hacer peticiones no se quedaron atr\u00e1s y tambi\u00e9n dijeron m\u00e1s seguridad. Bonilla Herrera asegur\u00f3 que el alcalde Francisco Javier Vel\u00e1zquez Vallejo, estaba tomando nota y que ayudar\u00eda con las peticiones.<\/p>\n<p style=\"text-align: justify;\">El evento se desarroll\u00f3 en el auditorio Rafael Hern\u00e1ndez Ochoa del ayuntamiento de Poza Rica en el Foro Infantil participaron ni\u00f1os desde 6 a 12 a\u00f1os aproximadamente, mismo que iban acompa\u00f1ados por sus padres de familia.<\/p>\n","protected":false},"excerpt":{"rendered":"<p>Raquel Bonilla Herrera pone en jaque al alcalde de Poza Rica<\/p>\n","protected":false},"author":6,"featured_media":166611,"comment_status":"open","ping_status":"open","sticky":false,"template":"","format":"standard","meta":{"footnotes":""},"categories":[213],"tags":[],"class_list":{"0":"post-166610","1":"post","2":"type-post","3":"status-publish","4":"format-standard","5":"has-post-thumbnail","7":"category-poza-rica"},"nelio_content":{"isAutoShareEnabled":true,"autoShareEndMode":"never","automationSources":{"useCustomSentences":false,"customSentences":[]},"followers":[],"suggestedReferences":[],"efiUrl":"","efiAlt":"","highlights":[],"permalinkQueryArgs":[],"series":[]},"_links":{"self":[{"href":"https:\/\/www.enteratever.com\/2023\/wp-json\/wp\/v2\/posts\/166610","targetHints":{"allow":["GET"]}}],"collection":[{"href":"https:\/\/www.enteratever.com\/2023\/wp-json\/wp\/v2\/posts"}],"about":[{"href":"https:\/\/www.enteratever.com\/2023\/wp-json\/wp\/v2\/types\/post"}],"author":[{"embeddable":true,"href":"https:\/\/www.enteratever.com\/2023\/wp-json\/wp\/v2\/users\/6"}],"replies":[{"embeddable":true,"href":"https:\/\/www.enteratever.com\/2023\/wp-json\/wp\/v2\/comments?post=166610"}],"version-history":[{"count":0,"href":"https:\/\/www.enteratever.com\/2023\/wp-json\/wp\/v2\/posts\/166610\/revisions"}],"wp:featuredmedia":[{"embeddable":true,"href":"https:\/\/www.enteratever.com\/2023\/wp-json\/wp\/v2\/media\/166611"}],"wp:attachment":[{"href":"https:\/\/www.enteratever.com\/2023\/wp-json\/wp\/v2\/media?parent=166610"}],"wp:term":[{"taxonomy":"category","embeddable":true,"href":"https:\/\/www.enteratever.com\/2023\/wp-json\/wp\/v2\/categories?post=166610"},{"taxonomy":"post_tag","embeddable":true,"href":"https:\/\/www.enteratever.com\/2023\/wp-json\/wp\/v2\/tags?post=166610"}],"curies":[{"name":"wp","href":"https:\/\/api.w.org\/{rel}","templated":true}]}}