{"id":166598,"date":"2019-04-25T19:58:37","date_gmt":"2019-04-25T19:58:37","guid":{"rendered":"https:\/\/www.enteratever.com\/2023\/empresarios-pierden-esperanza-de-reactivar-poza-rica-por-cancelacion-de-las-zonas-economicas-especiales\/"},"modified":"2019-04-25T19:58:37","modified_gmt":"2019-04-25T19:58:37","slug":"empresarios-pierden-esperanza-de-reactivar-poza-rica-por-cancelacion-de-las-zonas-economicas-especiales","status":"publish","type":"post","link":"https:\/\/www.enteratever.com\/2023\/2019\/04\/25\/empresarios-pierden-esperanza-de-reactivar-poza-rica-por-cancelacion-de-las-zonas-economicas-especiales\/","title":{"rendered":"Empresarios pierden esperanza de reactivar Poza Rica, por cancelaci\u00f3n de las Zonas Econ\u00f3micas Especiales"},"content":{"rendered":"<p>Visitas: 2<\/p><p style=\"text-align: justify;\">Las esperanzas de reactivar a Poza Rica se esfuman con la declaraci\u00f3n que realiz\u00f3 Andr\u00e9s Manuel L\u00f3pez Obrador, Presidente de la Rep\u00fablica sobre la cancelaci\u00f3n de las Zonas Econ\u00f3micas Especiales (ZEE), dentro de las cuales se hab\u00eda contemplado que estar\u00eda la ciudad; Alejandro Mondrag\u00f3n, Presidente del Consejo Coordinador Empresarial (CCE) de la zona norte de Veracruz.<\/p>\n<p style=\"text-align: justify;\">El expresidente Enrique Pe\u00f1a Nieto, en septiembre de 2017, firm\u00f3 el decreto para la creaci\u00f3n de estas zonas en los estados de Chiapas, Oaxaca, Michoac\u00e1n, Guerrero, Veracruz, Campeche, Tabasco y Yucat\u00e1n. Se destin\u00f3 una bolsa de 50,000 millones de pesos, para apoyar a las empresas que tuvieran la intensi\u00f3n de invertir, hizo la declaratoria en las ZEE de Tabasco y Campeche.<\/p>\n<p style=\"text-align: justify;\">En el caso de Veracruz, se anunci\u00f3 que se incluir\u00eda a Coatzacoalcos, por lo que empresarios y autoridades de la zona norte del estado solicitaron que se incluyera a Poza Rica para que se reactivara, sin embargo, a pesar de las gestiones esto ya no ser\u00e1 posible debido a que AMLO anunci\u00f3 que desaparecen las ZEE.<\/p>\n<p style=\"text-align: justify;\">L\u00f3pez Obrador argument\u00f3 que el proyecto prometi\u00f3 ayudar a las regiones, pero nunca se hizo por lo que dijo que estas desaparecen, agreg\u00f3 que no apoyar\u00e1 este proyecto y en su lugar apostar\u00e1 por \u00abproyectos de desarrollo\u00bb.<\/p>\n<p style=\"text-align: justify;\">Al respecto, el presidente del CCE de la zona norte destac\u00f3 que la situaci\u00f3n de inseguridad, falta de inversi\u00f3n y empleo ha generado que muchos ciudadanos tengan que irse de Poza Rica, por lo que se pierden la esperanza de que se reactive la econom\u00eda. \u00abLos apoyos que se ten\u00edan contemplados en las zonas econ\u00f3micas era un aliciente para que llegaran inversiones\u00bb, dijo.<\/p>\n<p style=\"text-align: justify;\">A\u00f1adi\u00f3 que est\u00e1n realizando gestiones con las autoridades para que se pueda buscar mecanismos para atraer inversiones, lamentablemente el sector empresarial de la regi\u00f3n no tiene la capacidad para retomar las inversiones que en la ciudad y en las zona se requieren.<\/p>\n<p style=\"text-align: justify;\">\u00abTodas las carencias en servicios y hoteles que tenemos es por la falta de inversi\u00f3n y es lo que estamos tratando los empresarios de atraer con nuevas inversiones\u00bb, agreg\u00f3.<\/p>\n<p style=\"text-align: justify;\">Sostuvo que con esta noticia y con el cierre del Instituto Nacional del Emprendedor (INADEM) \u00abpr\u00e1cticamente nos dejaron fuera, las gestiones que debemos hacer tanto con la secretaria de econom\u00eda a nivel federal y estatal y con los ayuntamiento para buscar incentivos para las empresas que quieran invertir en Poza Rica.<\/p>\n","protected":false},"excerpt":{"rendered":"<p>Visitas: 2Las esperanzas de reactivar a Poza Rica se esfuman con la declaraci\u00f3n que realiz\u00f3 Andr\u00e9s Manuel L\u00f3pez Obrador, Presidente de la Rep\u00fablica sobre la cancelaci\u00f3n de las Zonas Econ\u00f3micas Especiales (ZEE), dentro de las cuales se hab\u00eda contemplado que estar\u00eda la ciudad; Alejandro Mondrag\u00f3n, Presidente del Consejo Coordinador Empresarial (CCE) de la zona norte [&hellip;]<\/p>\n","protected":false},"author":6,"featured_media":166599,"comment_status":"open","ping_status":"open","sticky":false,"template":"","format":"standard","meta":{"footnotes":""},"categories":[213],"tags":[],"class_list":{"0":"post-166598","1":"post","2":"type-post","3":"status-publish","4":"format-standard","5":"has-post-thumbnail","7":"category-poza-rica"},"nelio_content":{"isAutoShareEnabled":true,"autoShareEndMode":"never","automationSources":{"useCustomSentences":false,"customSentences":[]},"followers":[],"suggestedReferences":[],"efiUrl":"","efiAlt":"","highlights":[],"permalinkQueryArgs":[],"series":[]},"_links":{"self":[{"href":"https:\/\/www.enteratever.com\/2023\/wp-json\/wp\/v2\/posts\/166598","targetHints":{"allow":["GET"]}}],"collection":[{"href":"https:\/\/www.enteratever.com\/2023\/wp-json\/wp\/v2\/posts"}],"about":[{"href":"https:\/\/www.enteratever.com\/2023\/wp-json\/wp\/v2\/types\/post"}],"author":[{"embeddable":true,"href":"https:\/\/www.enteratever.com\/2023\/wp-json\/wp\/v2\/users\/6"}],"replies":[{"embeddable":true,"href":"https:\/\/www.enteratever.com\/2023\/wp-json\/wp\/v2\/comments?post=166598"}],"version-history":[{"count":0,"href":"https:\/\/www.enteratever.com\/2023\/wp-json\/wp\/v2\/posts\/166598\/revisions"}],"wp:featuredmedia":[{"embeddable":true,"href":"https:\/\/www.enteratever.com\/2023\/wp-json\/wp\/v2\/media\/166599"}],"wp:attachment":[{"href":"https:\/\/www.enteratever.com\/2023\/wp-json\/wp\/v2\/media?parent=166598"}],"wp:term":[{"taxonomy":"category","embeddable":true,"href":"https:\/\/www.enteratever.com\/2023\/wp-json\/wp\/v2\/categories?post=166598"},{"taxonomy":"post_tag","embeddable":true,"href":"https:\/\/www.enteratever.com\/2023\/wp-json\/wp\/v2\/tags?post=166598"}],"curies":[{"name":"wp","href":"https:\/\/api.w.org\/{rel}","templated":true}]}}