{"id":166576,"date":"2019-04-17T00:59:45","date_gmt":"2019-04-17T00:59:45","guid":{"rendered":"https:\/\/www.enteratever.com\/2023\/aprueban-en-poza-rica-dia-del-taco-con-crema-premio-municipal-de-periodismo-y-de-educacion\/"},"modified":"2019-04-17T00:59:45","modified_gmt":"2019-04-17T00:59:45","slug":"aprueban-en-poza-rica-dia-del-taco-con-crema-premio-municipal-de-periodismo-y-de-educacion","status":"publish","type":"post","link":"https:\/\/www.enteratever.com\/2023\/2019\/04\/17\/aprueban-en-poza-rica-dia-del-taco-con-crema-premio-municipal-de-periodismo-y-de-educacion\/","title":{"rendered":"Aprueban en Poza Rica D\u00eda del Taco con Crema, Premio Municipal de Periodismo y de Educaci\u00f3n"},"content":{"rendered":"<p>Visitas: 0<\/p><p style=\"text-align: justify;\">En la primera sesi\u00f3n de cabildo abierto que se realiz\u00f3 en Poza Rica, en la cual se permiti\u00f3 la presencia de ciudadanos y el uso de la voz a estos, con previo registro, los puntos a tratar eran: Premio Municipal de Periodismo, Premio Municipal a la de Educaci\u00f3n y El D\u00eda del Taco con Crema, para obtener un r\u00e9cord Guinness.<\/p>\n<p style=\"text-align: justify;\">Los puntos que fueron sometidos a votaci\u00f3n fueron aprobados, los dos primeros por unanimidad y el \u00faltimo por mayor\u00eda. En la sesi\u00f3n intervinieron tres ciudadanos quienes expusieron su punto de vista sobre los temas a tratar.<\/p>\n<p style=\"text-align: justify;\">Ra\u00fal Rodr\u00edguez Hern\u00e1ndez, intervino en el primer punto y habl\u00f3 a nombre del Frente de Comunicadores del Norte de Veracruz, pidi\u00f3 a las autoridades no ser juez y parte en la premiaci\u00f3n. Los periodistas presentes se\u00f1alaron que no participaron debido a que no creen necesario dicho reconocimiento y bastar\u00eda con las garant\u00edas en la libertad de expresi\u00f3n; otros se\u00f1alaron que est\u00e1n a favor del premio pero proponen que no se entregue dinero en efectivo sino una beca.<\/p>\n<p style=\"text-align: justify;\">Fue evidente la falta de inter\u00e9s por parte del gremio period\u00edstico quienes con no participar mostraron su apat\u00eda a la propuesta realizada por Jaime Herrera Flores, Regidor Comisionado en Cultura y Educaci\u00f3n, se discutieron tambi\u00e9n los nombres que recibir\u00e1 cada rubro, mismo que se analizar\u00e1n en una mesa de trabajo a la que se realizar\u00e1 la invitaci\u00f3n a los periodistas para que participen.<\/p>\n<p style=\"text-align: justify;\">Luego de la intervenci\u00f3n del ciudadano y de la exposici\u00f3n de algunos regidores, fue aprobado el punto por unanimidad. Posteriormente se expuso el punto sobre Premio Municipal a la de Educaci\u00f3n, en este no hubo intervenci\u00f3n y se vot\u00f3 por unanimidad.<\/p>\n<p style=\"text-align: justify;\">Yhereiri Carranza L\u00f3pez, Regidora Comisionada en Ciencia y Tecnolog\u00eda, propuso instaurar El D\u00eda del Taco con Crema el 20 de noviembre, asegur\u00f3 que en ninguna otra parte se comen los tacos con crema m\u00e1s que en Poza Rica, asegur\u00f3 que esto podr\u00eda atraer a turistas.<\/p>\n<p style=\"text-align: justify;\">En su intervenci\u00f3n dijo que la propuesta es de un grupo de j\u00f3venes quienes le pidieron que lo propusiera al cabildo, a\u00f1adi\u00f3 que en redes sociales el tema ha dado mucho de qu\u00e9 hablar, pero esto puede ser capitalizado.<\/p>\n<p style=\"text-align: justify;\">El ciudadano Carlos Bauza, intervino en este punto se\u00f1alando que existen temas m\u00e1s importantes que se pueden discutir en una sesi\u00f3n de cabildo abierta tales como: seguridad, carreteras, se\u00f1alizaci\u00f3n, alumbrado, reordenamiento vial, participaci\u00f3n ciudadana entre otra. Asegur\u00f3 que la idea no es que sea descabellada, pero Poza Rica no se produce ni la crema, el chile, el ma\u00edz, el aceite ni la carne por lo que no se puede apropiar de \u00e9l; propuso el d\u00eda de la gastronom\u00eda.<\/p>\n<p style=\"text-align: justify;\">Esta ciudad existen m\u00e1s de 400 taquer\u00edas a quienes se consultaron para conocer su opini\u00f3n respecto a esta propuesta y su gran mayor\u00eda reconoci\u00f3 que era una buena idea y que le gustar\u00eda participar, seg\u00fan expuso Jos\u00e9 Luis S\u00e1nchez, quien hizo uso de la voz como ciudadano pero tambi\u00e9n es colaborador de la regidora en el ayuntamiento, al final fue aprobada la propuesta por mayor\u00eda.<\/p>\n","protected":false},"excerpt":{"rendered":"<p>Visitas: 0En la primera sesi\u00f3n de cabildo abierto que se realiz\u00f3 en Poza Rica, en la cual se permiti\u00f3 la presencia de ciudadanos y el uso de la voz a estos, con previo registro, los puntos a tratar eran: Premio Municipal de Periodismo, Premio Municipal a la de Educaci\u00f3n y El D\u00eda del Taco con [&hellip;]<\/p>\n","protected":false},"author":6,"featured_media":166577,"comment_status":"open","ping_status":"open","sticky":false,"template":"","format":"standard","meta":{"footnotes":""},"categories":[213],"tags":[],"class_list":{"0":"post-166576","1":"post","2":"type-post","3":"status-publish","4":"format-standard","5":"has-post-thumbnail","7":"category-poza-rica"},"nelio_content":{"isAutoShareEnabled":true,"autoShareEndMode":"never","automationSources":{"useCustomSentences":false,"customSentences":[]},"followers":[],"suggestedReferences":[],"efiUrl":"","efiAlt":"","highlights":[],"permalinkQueryArgs":[],"series":[]},"_links":{"self":[{"href":"https:\/\/www.enteratever.com\/2023\/wp-json\/wp\/v2\/posts\/166576","targetHints":{"allow":["GET"]}}],"collection":[{"href":"https:\/\/www.enteratever.com\/2023\/wp-json\/wp\/v2\/posts"}],"about":[{"href":"https:\/\/www.enteratever.com\/2023\/wp-json\/wp\/v2\/types\/post"}],"author":[{"embeddable":true,"href":"https:\/\/www.enteratever.com\/2023\/wp-json\/wp\/v2\/users\/6"}],"replies":[{"embeddable":true,"href":"https:\/\/www.enteratever.com\/2023\/wp-json\/wp\/v2\/comments?post=166576"}],"version-history":[{"count":0,"href":"https:\/\/www.enteratever.com\/2023\/wp-json\/wp\/v2\/posts\/166576\/revisions"}],"wp:featuredmedia":[{"embeddable":true,"href":"https:\/\/www.enteratever.com\/2023\/wp-json\/wp\/v2\/media\/166577"}],"wp:attachment":[{"href":"https:\/\/www.enteratever.com\/2023\/wp-json\/wp\/v2\/media?parent=166576"}],"wp:term":[{"taxonomy":"category","embeddable":true,"href":"https:\/\/www.enteratever.com\/2023\/wp-json\/wp\/v2\/categories?post=166576"},{"taxonomy":"post_tag","embeddable":true,"href":"https:\/\/www.enteratever.com\/2023\/wp-json\/wp\/v2\/tags?post=166576"}],"curies":[{"name":"wp","href":"https:\/\/api.w.org\/{rel}","templated":true}]}}