{"id":166548,"date":"2019-04-03T19:14:08","date_gmt":"2019-04-03T19:14:08","guid":{"rendered":"https:\/\/www.enteratever.com\/2023\/sev-alista-operativo-para-semana-santa-en-poza-rica\/"},"modified":"2019-04-03T19:14:08","modified_gmt":"2019-04-03T19:14:08","slug":"sev-alista-operativo-para-semana-santa-en-poza-rica","status":"publish","type":"post","link":"https:\/\/www.enteratever.com\/2023\/2019\/04\/03\/sev-alista-operativo-para-semana-santa-en-poza-rica\/","title":{"rendered":"SEV alista operativo para Semana Santa en Poza Rica"},"content":{"rendered":"<p>Visitas: 1<\/p><p style=\"text-align: justify;\">La Secretario de Educaci\u00f3n de Veracruz se preparan para el periodo vacacional de Semana Santa se coordinan acciones en materia de seguridad con el ayuntamiento de Poza Rica esto con la finalidad de que las instituciones educativas est\u00e9n resguardadas y no sufran saqueos en estas vacaciones as\u00ed lo inform\u00f3 la delegada regional de la SEV, Selene Gonz\u00e1lez Morgado.<\/p>\n<p style=\"text-align: justify;\">De acuerdo con el calendario 2018-2019 de la Secretar\u00eda de Educaci\u00f3n P\u00fablica el periodo vacacional de Semana Santa es del 15 al 26 de abril, ser\u00e1n dos semanas de las que los educandos y personal docente y administrativo disfruten.<\/p>\n<p style=\"text-align: justify;\">El tema de la seguridad que es uno de los que m\u00e1s preocupa por lo que se est\u00e1n coordinando acciones con el ayuntamiento de Poza Rica, hace poco tiempo se realiz\u00f3 un Foro de Seguridad, ahorita se est\u00e1n buscando las acciones para resguardar las escuelas y que exista gente que monitoreando las instituciones educativas.<\/p>\n<p style=\"text-align: justify;\">Reconoci\u00f3 que es durante este periodo vacacional cuando se tiene un mayor n\u00famero de casos de robos a escuelas, estos van desde materiales did\u00e1cticos para impartir clases hasta computadoras, impresores y ca\u00f1ones.<\/p>\n<p style=\"text-align: justify;\">En cuanto a las problem\u00e1ticas de maltrato o acoso escolar se van a investigar, no se va a cubrir a nadie, es importante transparentar no dar carpetazos a los casos. Todo est\u00e1 en calma, aunque existen escuelas que requieren maestros, pero ya se est\u00e1 tratando de cubrir las vacantes lo antes posible en las instituciones que atiende la delegaci\u00f3n de esta zona.<\/p>\n","protected":false},"excerpt":{"rendered":"<p>Visitas: 1La Secretario de Educaci\u00f3n de Veracruz se preparan para el periodo vacacional de Semana Santa se coordinan acciones en materia de seguridad con el ayuntamiento de Poza Rica esto con la finalidad de que las instituciones educativas est\u00e9n resguardadas y no sufran saqueos en estas vacaciones as\u00ed lo inform\u00f3 la delegada regional de la [&hellip;]<\/p>\n","protected":false},"author":6,"featured_media":166549,"comment_status":"open","ping_status":"open","sticky":false,"template":"","format":"standard","meta":{"footnotes":""},"categories":[213],"tags":[],"class_list":{"0":"post-166548","1":"post","2":"type-post","3":"status-publish","4":"format-standard","5":"has-post-thumbnail","7":"category-poza-rica"},"nelio_content":{"isAutoShareEnabled":true,"autoShareEndMode":"never","automationSources":{"useCustomSentences":false,"customSentences":[]},"followers":[],"suggestedReferences":[],"efiUrl":"","efiAlt":"","highlights":[],"permalinkQueryArgs":[],"series":[]},"_links":{"self":[{"href":"https:\/\/www.enteratever.com\/2023\/wp-json\/wp\/v2\/posts\/166548","targetHints":{"allow":["GET"]}}],"collection":[{"href":"https:\/\/www.enteratever.com\/2023\/wp-json\/wp\/v2\/posts"}],"about":[{"href":"https:\/\/www.enteratever.com\/2023\/wp-json\/wp\/v2\/types\/post"}],"author":[{"embeddable":true,"href":"https:\/\/www.enteratever.com\/2023\/wp-json\/wp\/v2\/users\/6"}],"replies":[{"embeddable":true,"href":"https:\/\/www.enteratever.com\/2023\/wp-json\/wp\/v2\/comments?post=166548"}],"version-history":[{"count":0,"href":"https:\/\/www.enteratever.com\/2023\/wp-json\/wp\/v2\/posts\/166548\/revisions"}],"wp:featuredmedia":[{"embeddable":true,"href":"https:\/\/www.enteratever.com\/2023\/wp-json\/wp\/v2\/media\/166549"}],"wp:attachment":[{"href":"https:\/\/www.enteratever.com\/2023\/wp-json\/wp\/v2\/media?parent=166548"}],"wp:term":[{"taxonomy":"category","embeddable":true,"href":"https:\/\/www.enteratever.com\/2023\/wp-json\/wp\/v2\/categories?post=166548"},{"taxonomy":"post_tag","embeddable":true,"href":"https:\/\/www.enteratever.com\/2023\/wp-json\/wp\/v2\/tags?post=166548"}],"curies":[{"name":"wp","href":"https:\/\/api.w.org\/{rel}","templated":true}]}}