{"id":166546,"date":"2019-04-03T00:29:12","date_gmt":"2019-04-03T00:29:12","guid":{"rendered":"https:\/\/www.enteratever.com\/2023\/proyectos-de-salud-fueron-aprobados-por-cabildo-pero-no-se-estan-ejecutando-en-poza-rica\/"},"modified":"2019-04-03T00:29:12","modified_gmt":"2019-04-03T00:29:12","slug":"proyectos-de-salud-fueron-aprobados-por-cabildo-pero-no-se-estan-ejecutando-en-poza-rica","status":"publish","type":"post","link":"https:\/\/www.enteratever.com\/2023\/2019\/04\/03\/proyectos-de-salud-fueron-aprobados-por-cabildo-pero-no-se-estan-ejecutando-en-poza-rica\/","title":{"rendered":"Proyectos de salud fueron aprobados por cabildo pero no se est\u00e1n ejecutando en Poza Rica"},"content":{"rendered":"<p>Visitas: 0<\/p><p style=\"text-align: justify;\">Los proyectos y propuestas que han sido aprobados en las sesiones de cabildo est\u00e1n atrasados en cuanto a la ejecuci\u00f3n, ejemplo de estos son: los botiquines de primeros auxilios, el elevador para discapacitados y est\u00e1 parado el programa municipal de vectores, as\u00ed lo inform\u00f3 Fausto Jaimit Cabrera D\u00e1vila, Regidor comisionado en salud.<\/p>\n<p style=\"text-align: justify;\">Es importante fomentar la inclusi\u00f3n en las instituciones por lo que se busca contar con ba\u00f1os p\u00fablicos para personas con discapacidad y construir un elevador en el ayuntamiento de Poza Rica, estos proyectos ya se publicaron en la sabana de obras para este a\u00f1o.<\/p>\n<p style=\"text-align: justify;\">A\u00f1adi\u00f3 que en alg\u00fan momento se tendr\u00e1n que ejecutar, los proyectos en materia de salud que se aprobaron en las sesiones de cabildo est\u00e1n detenidas, reconoci\u00f3 que aunque se han autorizado algunas iniciativas estas no se est\u00e1n ejecutando.<\/p>\n<p style=\"text-align: justify;\">Se\u00f1al\u00f3 que en el caso del elevador es urgente, se necesita aunque se habl\u00f3 de un presupuesto de 4.7 millones de pesos, sin embargo asegur\u00f3 que la propuesta es de 500 mil pesos porque era un ascensor de carga \u201cme imagino que la persona que hizo esto tomo en cuenta un elevador tipo hotel\u201d.<\/p>\n<p style=\"text-align: justify;\">Dijo desconocer en qu\u00e9 tiempo iniciar\u00e1n los trabajos, pero el compromiso del \u00e1rea de obra p\u00fablica es que en este 2019 se ejecute, con el remanente del presupuesto para este proyecto se modificar\u00e1n los ba\u00f1os para personas con discapacidad. Cabe hacer menci\u00f3n que en el ORFIS se se\u00f1ala que la fecha programada para iniciar era el 24 de marzo y se concluyen las labores 23 de mayo.<\/p>\n<p style=\"text-align: justify;\">Los d\u00edas jueves de puertas abiertas acuden un gran n\u00famero de personas que le hace falta una extremidad o que andan en silla de ruedas o se mueven con muletas y las personas de la tercera edad a las que se les dificulta subir las escaleras porque son dos pisos los que deben de subir.<\/p>\n<p style=\"text-align: justify;\">Por otro lado respecto a los botiquines de primeros auxilios que se iban a repartir en las escuelas, aun no se han comprado \u201cHemos tenido que pedir ayuda a otros regidores para hacer presi\u00f3n para que ya se nos compren las cosas\u201d; tambi\u00e9n est\u00e1 parado el programa municipal de vectores pero no han avance aunque ya se hizo la cotizaci\u00f3n del equipo que se debe de comprar.<\/p>\n<p style=\"text-align: justify;\">Para concluir dijo que no se han comprado el gabinete para instalar el botiqu\u00edn de primeros auxilios en la regidur\u00eda o en la jefatura de salud, \u201ces la realidad no lo hago con af\u00e1n de molestar a nadie les puedo mostrar el oficio de que fecha se mand\u00f3\u201d.<\/p>\n","protected":false},"excerpt":{"rendered":"<p>Visitas: 0Los proyectos y propuestas que han sido aprobados en las sesiones de cabildo est\u00e1n atrasados en cuanto a la ejecuci\u00f3n, ejemplo de estos son: los botiquines de primeros auxilios, el elevador para discapacitados y est\u00e1 parado el programa municipal de vectores, as\u00ed lo inform\u00f3 Fausto Jaimit Cabrera D\u00e1vila, Regidor comisionado en salud. Es importante [&hellip;]<\/p>\n","protected":false},"author":6,"featured_media":166547,"comment_status":"open","ping_status":"open","sticky":false,"template":"","format":"standard","meta":{"footnotes":""},"categories":[213],"tags":[],"class_list":{"0":"post-166546","1":"post","2":"type-post","3":"status-publish","4":"format-standard","5":"has-post-thumbnail","7":"category-poza-rica"},"nelio_content":{"isAutoShareEnabled":true,"autoShareEndMode":"never","automationSources":{"useCustomSentences":false,"customSentences":[]},"followers":[],"suggestedReferences":[],"efiUrl":"","efiAlt":"","highlights":[],"permalinkQueryArgs":[],"series":[]},"_links":{"self":[{"href":"https:\/\/www.enteratever.com\/2023\/wp-json\/wp\/v2\/posts\/166546","targetHints":{"allow":["GET"]}}],"collection":[{"href":"https:\/\/www.enteratever.com\/2023\/wp-json\/wp\/v2\/posts"}],"about":[{"href":"https:\/\/www.enteratever.com\/2023\/wp-json\/wp\/v2\/types\/post"}],"author":[{"embeddable":true,"href":"https:\/\/www.enteratever.com\/2023\/wp-json\/wp\/v2\/users\/6"}],"replies":[{"embeddable":true,"href":"https:\/\/www.enteratever.com\/2023\/wp-json\/wp\/v2\/comments?post=166546"}],"version-history":[{"count":0,"href":"https:\/\/www.enteratever.com\/2023\/wp-json\/wp\/v2\/posts\/166546\/revisions"}],"wp:featuredmedia":[{"embeddable":true,"href":"https:\/\/www.enteratever.com\/2023\/wp-json\/wp\/v2\/media\/166547"}],"wp:attachment":[{"href":"https:\/\/www.enteratever.com\/2023\/wp-json\/wp\/v2\/media?parent=166546"}],"wp:term":[{"taxonomy":"category","embeddable":true,"href":"https:\/\/www.enteratever.com\/2023\/wp-json\/wp\/v2\/categories?post=166546"},{"taxonomy":"post_tag","embeddable":true,"href":"https:\/\/www.enteratever.com\/2023\/wp-json\/wp\/v2\/tags?post=166546"}],"curies":[{"name":"wp","href":"https:\/\/api.w.org\/{rel}","templated":true}]}}