{"id":166544,"date":"2019-04-02T17:04:26","date_gmt":"2019-04-02T17:04:26","guid":{"rendered":"https:\/\/www.enteratever.com\/2023\/dia-del-autismo\/"},"modified":"2019-04-02T17:04:26","modified_gmt":"2019-04-02T17:04:26","slug":"dia-del-autismo","status":"publish","type":"post","link":"https:\/\/www.enteratever.com\/2023\/2019\/04\/02\/dia-del-autismo\/","title":{"rendered":"En Poza Rica no existen especialistas para tratar Autismo"},"content":{"rendered":"<p>Visitas: 2<\/p><p style=\"text-align: justify;\">Poza Rica no cuenta con especialistas para tratar el espectro autista, aunque se ha realizado la solicitud por parte de los padres de familia esta no ha sido escuchada, los tratamientos son costosos y la discriminaci\u00f3n en las instituciones educativas se siguen presentando.<\/p>\n<p style=\"text-align: justify;\">Padres de familia de Poza Rica recorrieron las principales calles de Poza Rica para pedir respeto a los ni\u00f1os con autismo esto dentro del marco del D\u00eda Mundial de Concienciaci\u00f3n sobre el Autismo, vestidos de azul con mensajes como: Autismo es igual a entender y ver el mundo de una manera diferente, \u00bfMe conoces? Pienso, siento y me comunico, entre otras.<\/p>\n<p style=\"text-align: justify;\">Fabiola Preza, integrante de la red de padres de ni\u00f1os con autismo, afirm\u00f3 que no existen especialistas en Poza Rica neuropediatras por lo que las familias reman contra corriente deben de salir a otras ciudades, los tratamientos son muy costosos.<\/p>\n<p style=\"text-align: justify;\">Este a\u00f1o dijo el Centro de Rehabilitaci\u00f3n Infantil Telet\u00f3n (CRIT) Veracruz se est\u00e1 sumando y traer\u00e1 a un especialista para que pueda atender al mayor n\u00famero de ni\u00f1os, por lo que se est\u00e1n realizando por medio de la red de padres de familia diversas actividades para conseguir que en la ciudad existan especialistas que puedan tratar a los peque\u00f1os.<\/p>\n<p style=\"text-align: justify;\">Se\u00f1al\u00f3 que existe mucha discriminaci\u00f3n hacia los peque\u00f1os sobre todo en las escuelas, el hecho de que no se les ense\u00f1e en los hogares a los ni\u00f1os la diversidad hace que se tenga que luchar por la inclusi\u00f3n, los ni\u00f1os no nacen con prejuicios.<\/p>\n<p style=\"text-align: justify;\">Explic\u00f3 que es importante que la gente conozca a fondo sobre el tema para que salga de la ignorancia en Centro de Atenci\u00f3n Psicopedag\u00f3gica de Educaci\u00f3n Preescolar (Capep) se intenta ayudar a los padres de familia para que descubra caracter\u00edsticas en sus hijos que puedan darle un diagn\u00f3stico.<\/p>\n<p style=\"text-align: justify;\">\u201cA veces el no saber lo indispensable hace que nos quedemos en un momento de negaci\u00f3n y decimos que no pasar\u00e1 nada, pero tenemos focos de alerta, cuando el ni\u00f1o cuando entra al k\u00ednder empieza a no sostener la mirada, empieza apilar los juguetes, se le habla y no responde, camina de puntitas; entonces se dice que vive en su mundo y no es as\u00ed es que el ni\u00f1o se est\u00e1 manifestando de alguna manera\u201d, dijo.<\/p>\n<p style=\"text-align: justify;\">Es necesario que cuando se detecten algunas de las conductas antes mencionadas los padres de familia puedan acercarse a un psic\u00f3logo especializado en autismo para que pueda evaluarlo y tambi\u00e9n debe ser revisado por un neuropediatra que es quien determina si tiene o no alg\u00fan trastorno espectro autista.<\/p>\n<p style=\"text-align: justify;\">\u201cLa ignorancia o el proceso de duelo que pasa el padres hace que los alejen y los a\u00edslen, esto por el temor que existe por el rechazo que pueda existir por parte de la sociedad\u201d, concluy\u00f3.<\/p>\n","protected":false},"excerpt":{"rendered":"<p>Visitas: 2Poza Rica no cuenta con especialistas para tratar el espectro autista, aunque se ha realizado la solicitud por parte de los padres de familia esta no ha sido escuchada, los tratamientos son costosos y la discriminaci\u00f3n en las instituciones educativas se siguen presentando. Padres de familia de Poza Rica recorrieron las principales calles de [&hellip;]<\/p>\n","protected":false},"author":6,"featured_media":166545,"comment_status":"open","ping_status":"open","sticky":false,"template":"","format":"standard","meta":{"footnotes":""},"categories":[213],"tags":[],"class_list":{"0":"post-166544","1":"post","2":"type-post","3":"status-publish","4":"format-standard","5":"has-post-thumbnail","7":"category-poza-rica"},"nelio_content":{"isAutoShareEnabled":true,"autoShareEndMode":"never","automationSources":{"useCustomSentences":false,"customSentences":[]},"followers":[],"suggestedReferences":[],"efiUrl":"","efiAlt":"","highlights":[],"permalinkQueryArgs":[],"series":[]},"_links":{"self":[{"href":"https:\/\/www.enteratever.com\/2023\/wp-json\/wp\/v2\/posts\/166544","targetHints":{"allow":["GET"]}}],"collection":[{"href":"https:\/\/www.enteratever.com\/2023\/wp-json\/wp\/v2\/posts"}],"about":[{"href":"https:\/\/www.enteratever.com\/2023\/wp-json\/wp\/v2\/types\/post"}],"author":[{"embeddable":true,"href":"https:\/\/www.enteratever.com\/2023\/wp-json\/wp\/v2\/users\/6"}],"replies":[{"embeddable":true,"href":"https:\/\/www.enteratever.com\/2023\/wp-json\/wp\/v2\/comments?post=166544"}],"version-history":[{"count":0,"href":"https:\/\/www.enteratever.com\/2023\/wp-json\/wp\/v2\/posts\/166544\/revisions"}],"wp:featuredmedia":[{"embeddable":true,"href":"https:\/\/www.enteratever.com\/2023\/wp-json\/wp\/v2\/media\/166545"}],"wp:attachment":[{"href":"https:\/\/www.enteratever.com\/2023\/wp-json\/wp\/v2\/media?parent=166544"}],"wp:term":[{"taxonomy":"category","embeddable":true,"href":"https:\/\/www.enteratever.com\/2023\/wp-json\/wp\/v2\/categories?post=166544"},{"taxonomy":"post_tag","embeddable":true,"href":"https:\/\/www.enteratever.com\/2023\/wp-json\/wp\/v2\/tags?post=166544"}],"curies":[{"name":"wp","href":"https:\/\/api.w.org\/{rel}","templated":true}]}}