{"id":166540,"date":"2019-03-29T22:30:36","date_gmt":"2019-03-29T22:30:36","guid":{"rendered":"https:\/\/www.enteratever.com\/2023\/amlo-consulta-a-mano-alzada-sobre-politica-migratoria-con-ee-uu\/"},"modified":"2019-03-29T22:30:36","modified_gmt":"2019-03-29T22:30:36","slug":"amlo-consulta-a-mano-alzada-sobre-politica-migratoria-con-ee-uu","status":"publish","type":"post","link":"https:\/\/www.enteratever.com\/2023\/2019\/03\/29\/amlo-consulta-a-mano-alzada-sobre-politica-migratoria-con-ee-uu\/","title":{"rendered":"AMLO consulta a mano alzada sobre pol\u00edtica migratoria con EE.UU."},"content":{"rendered":"<p>Visitas: 1<\/p><p style=\"text-align: justify;\">Con una consulta a mano alzada en Poza Rica, el presidente Andr\u00e9s Manuel L\u00f3pez Obrador decide que no contestar\u00e1 al gobierno de Estados Unidos \u201cquiero, aqu\u00ed, en Poza Rica, dejar de manifiesto que no nos vamos a pelear con el gobierno de Estados Unidos. No nos vamos a pelear. Amor y paz. Nada\u201d.<\/p>\n<p style=\"text-align: justify;\">En la Plaza C\u00edvica 18 de Marzo, que luc\u00eda abarrotada el presidente pregunt\u00f3 a los asistentes si era conveniente contestar a Donald Trump, quien amenaz\u00f3 con cerrar la frontera con M\u00e9xico la pr\u00f3xima \u201cque levante la mano los que piensen que le debo de contestar cada vez que se refiere a M\u00e9xico, el presidente Donald Trump\u201d.<\/p>\n<p style=\"text-align: justify;\">Algunos de los asistentes con temor levantaron la mano, de manera inmediata L\u00f3pez Obrador pidi\u00f3 \u201cque levante la mano quien piense que debemos de actuar con prudencia\u201d, la mayor\u00eda de la concurrencia levant\u00f3 la mano a lo que AMLO dijo \u201cEse es mi pueblo\u201d.<\/p>\n<p>https:\/\/www.facebook.com\/Enteratevercom\/videos\/2687585424617234\/?__xts__%5B0%5D=68.ARAOv0O0xfAA9Eu7Vff17VVXxOG6OsUWqeZu1ppyGP10G5LKn8_zbXm6lg5ZM8Ik6O-gCgUopy_y3lw8KN0WvT4YsKpGkWFHCXq1kRxeqUOsTRHdY91PaJ0TW0Gxuk9qSXvV7OC25Dw-pzioiqnztnD2hiJRp967sttoIN6ShQl7rUJTpscU06Gh9R_RH0oUNd8nVZpPsY0eZjo3pa0jyzXFuxFja7_G8WvbyOvWxqk_3KNwFwwTWEsrKAZQW9FPNEOFyhppFqQALhSOqcf5pe2MBkjo1CR-ROA8BBmjgl7QZAmfDEnoPkrpVMUnVNKIRuHNRguvXLA-2_Cg5c-rOP93hXHG8ikpQK0&#038;__tn__=-R<\/p>\n","protected":false},"excerpt":{"rendered":"<p>Pozarricenses deciden actuar con \u00abprudencia\u00bb<\/p>\n","protected":false},"author":6,"featured_media":166541,"comment_status":"open","ping_status":"open","sticky":false,"template":"","format":"standard","meta":{"footnotes":""},"categories":[213],"tags":[],"class_list":{"0":"post-166540","1":"post","2":"type-post","3":"status-publish","4":"format-standard","5":"has-post-thumbnail","7":"category-poza-rica"},"nelio_content":{"isAutoShareEnabled":true,"autoShareEndMode":"never","automationSources":{"useCustomSentences":false,"customSentences":[]},"followers":[],"suggestedReferences":[],"efiUrl":"","efiAlt":"","highlights":[],"permalinkQueryArgs":[],"series":[]},"_links":{"self":[{"href":"https:\/\/www.enteratever.com\/2023\/wp-json\/wp\/v2\/posts\/166540","targetHints":{"allow":["GET"]}}],"collection":[{"href":"https:\/\/www.enteratever.com\/2023\/wp-json\/wp\/v2\/posts"}],"about":[{"href":"https:\/\/www.enteratever.com\/2023\/wp-json\/wp\/v2\/types\/post"}],"author":[{"embeddable":true,"href":"https:\/\/www.enteratever.com\/2023\/wp-json\/wp\/v2\/users\/6"}],"replies":[{"embeddable":true,"href":"https:\/\/www.enteratever.com\/2023\/wp-json\/wp\/v2\/comments?post=166540"}],"version-history":[{"count":0,"href":"https:\/\/www.enteratever.com\/2023\/wp-json\/wp\/v2\/posts\/166540\/revisions"}],"wp:featuredmedia":[{"embeddable":true,"href":"https:\/\/www.enteratever.com\/2023\/wp-json\/wp\/v2\/media\/166541"}],"wp:attachment":[{"href":"https:\/\/www.enteratever.com\/2023\/wp-json\/wp\/v2\/media?parent=166540"}],"wp:term":[{"taxonomy":"category","embeddable":true,"href":"https:\/\/www.enteratever.com\/2023\/wp-json\/wp\/v2\/categories?post=166540"},{"taxonomy":"post_tag","embeddable":true,"href":"https:\/\/www.enteratever.com\/2023\/wp-json\/wp\/v2\/tags?post=166540"}],"curies":[{"name":"wp","href":"https:\/\/api.w.org\/{rel}","templated":true}]}}