{"id":166538,"date":"2019-03-29T19:53:31","date_gmt":"2019-03-29T19:53:31","guid":{"rendered":"https:\/\/www.enteratever.com\/2023\/nos-sentimos-defraudadas-por-amlo-estancias-infantiles\/"},"modified":"2019-03-29T19:53:31","modified_gmt":"2019-03-29T19:53:31","slug":"nos-sentimos-defraudadas-por-amlo-estancias-infantiles","status":"publish","type":"post","link":"https:\/\/www.enteratever.com\/2023\/2019\/03\/29\/nos-sentimos-defraudadas-por-amlo-estancias-infantiles\/","title":{"rendered":"Nos sentimos defraudadas por AMLO: Estancias Infantiles"},"content":{"rendered":"<p>Visitas: 1<\/p><p style=\"text-align: justify;\">Protestan madres de familia y maestra de las estancias infantiles en Poza Rica en el evento encabezado por Andr\u00e9s Manuel L\u00f3pez Obrador, Presidente de M\u00e9xico.<\/p>\n<p style=\"text-align: justify;\">Am\u00e9rica S\u00e1nchez Olivares, encargada de la estancia \u201cLos peques\u201d destac\u00f3 que se sienten defraudadas por el gobierno.<\/p>\n<p style=\"text-align: justify;\">Se\u00f1al\u00f3 que debido a la falta de recursos el 30 por ciento de los alumnos han dejado de asistir a las estancias infantiles por la falta de recursos, actualmente les est\u00e1n cobrando mil pesos mensuales a las madres de familia para poder solventar los gastos pero esto no es suficiente algunas ya han cerrado en Poza Rica.<\/p>\n","protected":false},"excerpt":{"rendered":"<p>Visitas: 1Protestan madres de familia y maestra de las estancias infantiles en Poza Rica en el evento encabezado por Andr\u00e9s Manuel L\u00f3pez Obrador, Presidente de M\u00e9xico. Am\u00e9rica S\u00e1nchez Olivares, encargada de la estancia \u201cLos peques\u201d destac\u00f3 que se sienten defraudadas por el gobierno. Se\u00f1al\u00f3 que debido a la falta de recursos el 30 por ciento [&hellip;]<\/p>\n","protected":false},"author":6,"featured_media":166539,"comment_status":"open","ping_status":"open","sticky":false,"template":"","format":"standard","meta":{"footnotes":""},"categories":[213],"tags":[],"class_list":{"0":"post-166538","1":"post","2":"type-post","3":"status-publish","4":"format-standard","5":"has-post-thumbnail","7":"category-poza-rica"},"nelio_content":{"isAutoShareEnabled":true,"autoShareEndMode":"never","automationSources":{"useCustomSentences":false,"customSentences":[]},"followers":[],"suggestedReferences":[],"efiUrl":"","efiAlt":"","highlights":[],"permalinkQueryArgs":[],"series":[]},"_links":{"self":[{"href":"https:\/\/www.enteratever.com\/2023\/wp-json\/wp\/v2\/posts\/166538","targetHints":{"allow":["GET"]}}],"collection":[{"href":"https:\/\/www.enteratever.com\/2023\/wp-json\/wp\/v2\/posts"}],"about":[{"href":"https:\/\/www.enteratever.com\/2023\/wp-json\/wp\/v2\/types\/post"}],"author":[{"embeddable":true,"href":"https:\/\/www.enteratever.com\/2023\/wp-json\/wp\/v2\/users\/6"}],"replies":[{"embeddable":true,"href":"https:\/\/www.enteratever.com\/2023\/wp-json\/wp\/v2\/comments?post=166538"}],"version-history":[{"count":0,"href":"https:\/\/www.enteratever.com\/2023\/wp-json\/wp\/v2\/posts\/166538\/revisions"}],"wp:featuredmedia":[{"embeddable":true,"href":"https:\/\/www.enteratever.com\/2023\/wp-json\/wp\/v2\/media\/166539"}],"wp:attachment":[{"href":"https:\/\/www.enteratever.com\/2023\/wp-json\/wp\/v2\/media?parent=166538"}],"wp:term":[{"taxonomy":"category","embeddable":true,"href":"https:\/\/www.enteratever.com\/2023\/wp-json\/wp\/v2\/categories?post=166538"},{"taxonomy":"post_tag","embeddable":true,"href":"https:\/\/www.enteratever.com\/2023\/wp-json\/wp\/v2\/tags?post=166538"}],"curies":[{"name":"wp","href":"https:\/\/api.w.org\/{rel}","templated":true}]}}