{"id":166532,"date":"2019-03-29T01:35:06","date_gmt":"2019-03-29T01:35:06","guid":{"rendered":"https:\/\/www.enteratever.com\/2023\/feria-de-seguridad-busca-reforzar-acciones-emprendidas-alcalde\/"},"modified":"2019-03-29T01:35:06","modified_gmt":"2019-03-29T01:35:06","slug":"feria-de-seguridad-busca-reforzar-acciones-emprendidas-alcalde","status":"publish","type":"post","link":"https:\/\/www.enteratever.com\/2023\/2019\/03\/29\/feria-de-seguridad-busca-reforzar-acciones-emprendidas-alcalde\/","title":{"rendered":"Feria de Seguridad busca reforzar acciones emprendidas: Alcalde"},"content":{"rendered":"<p>Visitas: 1<\/p><p style=\"text-align: justify;\">La Feria de la Seguridad realizada en la explanada del Parque Benito Ju\u00e1rez Garc\u00eda este jueves, es para reforzar las acciones que ya hemos emprendiendo \u201cno vamos a emprender ninguna acci\u00f3n nueva, todo lo que estamos haciendo es reforzar las acciones que ya hemos estado emprendiendo\u201d, afirm\u00f3 Francisco Javier Vel\u00e1zquez Vallejo, Presidente Municipal de Poza Rica.<\/p>\n<p style=\"text-align: justify;\">Entre las que destac\u00f3 l a conformaci\u00f3n de la Polic\u00eda Municipal, el trabajo coordinado con la Polic\u00eda Estatal establecer los lazos con la SEDENA y Polic\u00eda Federal que est\u00e1n brindando el apoyo.<\/p>\n<p style=\"text-align: justify;\">A\u00f1adi\u00f3 que la finalidad tambi\u00e9n es el evento es que los padres de familia los comit\u00e9s de prevenci\u00f3n del delito y los peque\u00f1os tengan mayor orientaci\u00f3n de cuales son: sus funciones, labores y sus derechos.<\/p>\n<p style=\"text-align: justify;\">El presidente sostuvo que las mismas fuerzas policiales que han estado brindando el apoyo seguir\u00e1n en la regi\u00f3n y se van a ir reforzando poco a poco dependiendo de las circunstancias.<\/p>\n<p style=\"text-align: justify;\">Por otro lado tambi\u00e9n asever\u00f3 que la cuesti\u00f3n de seguridad del evento que realizar\u00e1 el Presiden de M\u00e9xico, Andr\u00e9s Manuel L\u00f3pez Obrador este viernes 29 de marzo en Poza Rica corre a cargo de la presidencia de la rep\u00fablica.<\/p>\n","protected":false},"excerpt":{"rendered":"<p>Visitas: 1La Feria de la Seguridad realizada en la explanada del Parque Benito Ju\u00e1rez Garc\u00eda este jueves, es para reforzar las acciones que ya hemos emprendiendo \u201cno vamos a emprender ninguna acci\u00f3n nueva, todo lo que estamos haciendo es reforzar las acciones que ya hemos estado emprendiendo\u201d, afirm\u00f3 Francisco Javier Vel\u00e1zquez Vallejo, Presidente Municipal de [&hellip;]<\/p>\n","protected":false},"author":6,"featured_media":166533,"comment_status":"open","ping_status":"open","sticky":false,"template":"","format":"standard","meta":{"footnotes":""},"categories":[213],"tags":[],"class_list":{"0":"post-166532","1":"post","2":"type-post","3":"status-publish","4":"format-standard","5":"has-post-thumbnail","7":"category-poza-rica"},"nelio_content":{"isAutoShareEnabled":true,"autoShareEndMode":"never","automationSources":{"useCustomSentences":false,"customSentences":[]},"followers":[],"suggestedReferences":[],"efiUrl":"","efiAlt":"","highlights":[],"permalinkQueryArgs":[],"series":[]},"_links":{"self":[{"href":"https:\/\/www.enteratever.com\/2023\/wp-json\/wp\/v2\/posts\/166532","targetHints":{"allow":["GET"]}}],"collection":[{"href":"https:\/\/www.enteratever.com\/2023\/wp-json\/wp\/v2\/posts"}],"about":[{"href":"https:\/\/www.enteratever.com\/2023\/wp-json\/wp\/v2\/types\/post"}],"author":[{"embeddable":true,"href":"https:\/\/www.enteratever.com\/2023\/wp-json\/wp\/v2\/users\/6"}],"replies":[{"embeddable":true,"href":"https:\/\/www.enteratever.com\/2023\/wp-json\/wp\/v2\/comments?post=166532"}],"version-history":[{"count":0,"href":"https:\/\/www.enteratever.com\/2023\/wp-json\/wp\/v2\/posts\/166532\/revisions"}],"wp:featuredmedia":[{"embeddable":true,"href":"https:\/\/www.enteratever.com\/2023\/wp-json\/wp\/v2\/media\/166533"}],"wp:attachment":[{"href":"https:\/\/www.enteratever.com\/2023\/wp-json\/wp\/v2\/media?parent=166532"}],"wp:term":[{"taxonomy":"category","embeddable":true,"href":"https:\/\/www.enteratever.com\/2023\/wp-json\/wp\/v2\/categories?post=166532"},{"taxonomy":"post_tag","embeddable":true,"href":"https:\/\/www.enteratever.com\/2023\/wp-json\/wp\/v2\/tags?post=166532"}],"curies":[{"name":"wp","href":"https:\/\/api.w.org\/{rel}","templated":true}]}}