{"id":166528,"date":"2019-03-27T00:45:05","date_gmt":"2019-03-27T00:45:05","guid":{"rendered":"https:\/\/www.enteratever.com\/2023\/continuan-trabajos-en-el-parque-benito-juarez-de-poza-rica\/"},"modified":"2019-03-27T00:45:05","modified_gmt":"2019-03-27T00:45:05","slug":"continuan-trabajos-en-el-parque-benito-juarez-de-poza-rica","status":"publish","type":"post","link":"https:\/\/www.enteratever.com\/2023\/2019\/03\/27\/continuan-trabajos-en-el-parque-benito-juarez-de-poza-rica\/","title":{"rendered":"Contin\u00faan trabajos en el Parque Benito Ju\u00e1rez de Poza Rica"},"content":{"rendered":"<p>Visitas: 1<\/p><p style=\"text-align: justify;\">Contin\u00faan los trabajos en la explanada del parque Benito Ju\u00e1rez Garc\u00eda de Poza Rica, se prev\u00e9 que sea en un mes cuando concluyan en su totalidad la obra, as\u00ed lo dio a conocer F\u00e9lix Iv\u00e1n Garc\u00eda Bustos, Regidor Comisionado en Obras P\u00fablicas.<\/p>\n<p style=\"text-align: justify;\">Explic\u00f3 que el cambio del piso en la explanada del parque Benito Ju\u00e1rez es un proyecto nuevo, la techumbre met\u00e1lica se realiz\u00f3 con recursos de Proyectos de Desarrollo Regional (PRODERE) emanados del ramo 23 del a\u00f1o 2018 y que fue concluido a mediados del mes de marzo; la inversi\u00f3n de la techumbre fue casi 5 millones de pesos.<\/p>\n<p style=\"text-align: justify;\">Con recursos propios el ayuntamiento, se terminaron los ba\u00f1os y vestidores, mismos que fueron utilizados durante las presentaciones que se realizaron en Poza Rica como sede alterna a Cumbre Taj\u00edn, fue el 22 de marzo cuando se inaugur\u00f3 el espacio.<\/p>\n<p style=\"text-align: justify;\">El edil a\u00f1adi\u00f3 que desde el 25 de marzo se retomaron los trabajos para remover el piso debido a que era una exigencia por parte de la ciudadan\u00eda y se aprob\u00f3 por parte de cabildo en el primer paquete de obras de este 2019, que contempla ba\u00f1os, piso y vestidores, en este caso de derogaron m\u00e1s de un mill\u00f3n de pesos.<\/p>\n<p style=\"text-align: justify;\">Los trabajos de sustituci\u00f3n de piso en la explanada se tiene previsto se concluyan en un mes aproximadamente, el que ser\u00e1 colocado tienen como finalidad que sea antiderrapante<\/p>\n","protected":false},"excerpt":{"rendered":"<p>Regidor de Obras P\u00fablicas da a conocer que con recursos propios ayuntamiento realiza mejoras.<\/p>\n","protected":false},"author":6,"featured_media":166529,"comment_status":"open","ping_status":"open","sticky":false,"template":"","format":"standard","meta":{"footnotes":""},"categories":[213],"tags":[],"class_list":{"0":"post-166528","1":"post","2":"type-post","3":"status-publish","4":"format-standard","5":"has-post-thumbnail","7":"category-poza-rica"},"nelio_content":{"isAutoShareEnabled":true,"autoShareEndMode":"never","automationSources":{"useCustomSentences":false,"customSentences":[]},"followers":[],"suggestedReferences":[],"efiUrl":"","efiAlt":"","highlights":[],"permalinkQueryArgs":[],"series":[]},"_links":{"self":[{"href":"https:\/\/www.enteratever.com\/2023\/wp-json\/wp\/v2\/posts\/166528","targetHints":{"allow":["GET"]}}],"collection":[{"href":"https:\/\/www.enteratever.com\/2023\/wp-json\/wp\/v2\/posts"}],"about":[{"href":"https:\/\/www.enteratever.com\/2023\/wp-json\/wp\/v2\/types\/post"}],"author":[{"embeddable":true,"href":"https:\/\/www.enteratever.com\/2023\/wp-json\/wp\/v2\/users\/6"}],"replies":[{"embeddable":true,"href":"https:\/\/www.enteratever.com\/2023\/wp-json\/wp\/v2\/comments?post=166528"}],"version-history":[{"count":0,"href":"https:\/\/www.enteratever.com\/2023\/wp-json\/wp\/v2\/posts\/166528\/revisions"}],"wp:featuredmedia":[{"embeddable":true,"href":"https:\/\/www.enteratever.com\/2023\/wp-json\/wp\/v2\/media\/166529"}],"wp:attachment":[{"href":"https:\/\/www.enteratever.com\/2023\/wp-json\/wp\/v2\/media?parent=166528"}],"wp:term":[{"taxonomy":"category","embeddable":true,"href":"https:\/\/www.enteratever.com\/2023\/wp-json\/wp\/v2\/categories?post=166528"},{"taxonomy":"post_tag","embeddable":true,"href":"https:\/\/www.enteratever.com\/2023\/wp-json\/wp\/v2\/tags?post=166528"}],"curies":[{"name":"wp","href":"https:\/\/api.w.org\/{rel}","templated":true}]}}