{"id":166524,"date":"2019-03-25T20:14:24","date_gmt":"2019-03-25T20:14:24","guid":{"rendered":"https:\/\/www.enteratever.com\/2023\/exposicion-fotografica-entornos-fotografia-en-contexto-de-vulnerabilidad\/"},"modified":"2019-03-25T20:14:24","modified_gmt":"2019-03-25T20:14:24","slug":"exposicion-fotografica-entornos-fotografia-en-contexto-de-vulnerabilidad","status":"publish","type":"post","link":"https:\/\/www.enteratever.com\/2023\/2019\/03\/25\/exposicion-fotografica-entornos-fotografia-en-contexto-de-vulnerabilidad\/","title":{"rendered":"Exposici\u00f3n fotogr\u00e1fica  \u201cEntornos Fotograf\u00eda en Contexto de Vulnerabilidad\u00bb"},"content":{"rendered":"<p>Visitas: 0<\/p><p style=\"text-align: justify;\">Estudiantes de los programas educativos Trabajo Social e Ingenier\u00eda Ambiental de la regi\u00f3n Poza Rica presentaron la exposici\u00f3n fotogr\u00e1fica \u00abEntornos Fotograf\u00eda en Contexto de Vulnerabilidad\u00bb, en donde retratan diferentes escenas y personas en diferentes situaciones de vulnerabilidad.<\/p>\n<p style=\"text-align: justify;\">La muestra que fue inaugurada en el lobby de la USBI, propone diferentes aspectos de la vida cotidiana de ni\u00f1os, j\u00f3venes y adultos.<\/p>\n<p style=\"text-align: justify;\">Participaron los estudiantes de la Facultad de Trabajo Social: Ivonne Lizeth Maldonado Trejo, Luz Maria Caporal Zavaleta, Lorena Herrera Bautista, Alfredo Luna Romero, Ver\u00f3nica Badillo Lizaola y Lluvia Crystal Ventura P\u00e9rez.<br \/>\nDe Ingenier\u00eda Ambiental: Fernanda Cecilia Zamudio Raymundo, Lady Rivera L\u00f3pez y Ericka Secia Hern\u00e1ndez Rivera, el taller fue impartido por el Mtro. Jos\u00e9 Luis Navarro Arteaga y la Mtra. Leydi Jazm\u00edn Morales Silva.<\/p>\n<p style=\"text-align: justify;\">En la inauguraci\u00f3n estuvieron presentes el Dr. Jos\u00e9 Luis Alan\u00eds M\u00e9ndez vicerrector de la regi\u00f3n Poza Rica-Tuxpan de la Universidad Veracruzana, Dra. Aurora Galicia Badillo secretaria Acad\u00e9mica Regional, as\u00ed como directores de los programas educativos, adem\u00e1s de acad\u00e9micos y estudiantes.<\/p>\n<p style=\"text-align: justify;\">El Dr. Jos\u00e9 Luis Alan\u00eds M\u00e9ndez dijo que la Universidad Veracruzana es un espacio que da cabida a todas las manifestaciones culturales, en especial para mostrar el trabajo realizado por los estudiantes.<\/p>\n<p style=\"text-align: justify;\">La exposici\u00f3n fotogr\u00e1fica se realiza en el marco del 48 aniversario de la Facultad de Trabajo Social de la Universidad Veracruzana, el cuerpo acad\u00e9mico Sujetos y grupos de Vulnerabilidad organizo el taller de fotograf\u00eda, con el fin de que los estudiantes tuvieran una herramienta m\u00e1s intervenciones sociales.<\/p>\n","protected":false},"excerpt":{"rendered":"<p>Visitas: 0Estudiantes de los programas educativos Trabajo Social e Ingenier\u00eda Ambiental de la regi\u00f3n Poza Rica presentaron la exposici\u00f3n fotogr\u00e1fica \u00abEntornos Fotograf\u00eda en Contexto de Vulnerabilidad\u00bb, en donde retratan diferentes escenas y personas en diferentes situaciones de vulnerabilidad. La muestra que fue inaugurada en el lobby de la USBI, propone diferentes aspectos de la vida [&hellip;]<\/p>\n","protected":false},"author":2,"featured_media":166525,"comment_status":"open","ping_status":"open","sticky":false,"template":"","format":"standard","meta":{"footnotes":""},"categories":[299,213],"tags":[],"class_list":{"0":"post-166524","1":"post","2":"type-post","3":"status-publish","4":"format-standard","5":"has-post-thumbnail","7":"category-notas-locales","8":"category-poza-rica"},"nelio_content":{"isAutoShareEnabled":true,"autoShareEndMode":"never","automationSources":{"useCustomSentences":false,"customSentences":[]},"followers":[],"suggestedReferences":[],"efiUrl":"","efiAlt":"","highlights":[],"permalinkQueryArgs":[],"series":[]},"_links":{"self":[{"href":"https:\/\/www.enteratever.com\/2023\/wp-json\/wp\/v2\/posts\/166524","targetHints":{"allow":["GET"]}}],"collection":[{"href":"https:\/\/www.enteratever.com\/2023\/wp-json\/wp\/v2\/posts"}],"about":[{"href":"https:\/\/www.enteratever.com\/2023\/wp-json\/wp\/v2\/types\/post"}],"author":[{"embeddable":true,"href":"https:\/\/www.enteratever.com\/2023\/wp-json\/wp\/v2\/users\/2"}],"replies":[{"embeddable":true,"href":"https:\/\/www.enteratever.com\/2023\/wp-json\/wp\/v2\/comments?post=166524"}],"version-history":[{"count":0,"href":"https:\/\/www.enteratever.com\/2023\/wp-json\/wp\/v2\/posts\/166524\/revisions"}],"wp:featuredmedia":[{"embeddable":true,"href":"https:\/\/www.enteratever.com\/2023\/wp-json\/wp\/v2\/media\/166525"}],"wp:attachment":[{"href":"https:\/\/www.enteratever.com\/2023\/wp-json\/wp\/v2\/media?parent=166524"}],"wp:term":[{"taxonomy":"category","embeddable":true,"href":"https:\/\/www.enteratever.com\/2023\/wp-json\/wp\/v2\/categories?post=166524"},{"taxonomy":"post_tag","embeddable":true,"href":"https:\/\/www.enteratever.com\/2023\/wp-json\/wp\/v2\/tags?post=166524"}],"curies":[{"name":"wp","href":"https:\/\/api.w.org\/{rel}","templated":true}]}}