{"id":166498,"date":"2019-03-18T05:26:40","date_gmt":"2019-03-18T05:26:40","guid":{"rendered":"https:\/\/www.enteratever.com\/2023\/estrategias-de-seguridad-no-las-podemos-anunciar-nos-vas-a-oir-los-otros-gobernador\/"},"modified":"2019-03-18T05:26:40","modified_gmt":"2019-03-18T05:26:40","slug":"estrategias-de-seguridad-no-las-podemos-anunciar-nos-vas-a-oir-los-otros-gobernador","status":"publish","type":"post","link":"https:\/\/www.enteratever.com\/2023\/2019\/03\/18\/estrategias-de-seguridad-no-las-podemos-anunciar-nos-vas-a-oir-los-otros-gobernador\/","title":{"rendered":"Estrategias de seguridad no las podemos anunciar, nos vas a o\u00edr los otros: Gobernador"},"content":{"rendered":"<p>Visitas: 1<\/p><p style=\"text-align: justify;\">\u201cNo las puedo anunciar si no nos van a o\u00edr los otros\u201d respondi\u00f3 el Gobernador del Estado de Veracruz, Cuitl\u00e1huac Garc\u00eda Jim\u00e9nez, ante los cuestionamientos realizados sobre cu\u00e1les ser\u00e1n las acciones que emprender\u00e1 su gobierno para enfrentar la situaci\u00f3n de inseguridad que existe en la entidad.<\/p>\n<p style=\"text-align: justify;\">El gobernador estuvo este domingo en Poza Rica, realiz\u00f3 la inauguraci\u00f3n del Centro de Salud Manuel \u00c1vila Camacho de esta ciudad junto al alcalde Francisco Javier Vel\u00e1zquez Vallejo y diputadas locales y federales.<\/p>\n<p style=\"text-align: justify;\">Los cuestionamientos obedecen que los \u00faltimos acontecimientos que se han dado en diversas partes del estado, entre ellos los camiones que han aparecido incendiados y con consignas de grupos delictivos.<\/p>\n<p style=\"text-align: justify;\">Pese a la crisis de seguridad que enfrenta la entidad el mandatario no ha dado informaci\u00f3n a los medios de comunicaci\u00f3n sobre el tema, ni tampoco ha mencionado las estrategias que implementar\u00e1 para evitar que los hechos de violencia se agudicen.<\/p>\n<p style=\"text-align: justify;\">Varios periodistas lo abordaron para preguntarle del tema en el evento, sin embargo sali\u00f3 pr\u00e1cticamente huyendo, fue hasta que se present\u00f3 en el evento de inauguraci\u00f3n del domo la de Plaza C\u00edvica 18 de Marzo, misma que no estaba en su agenda, cuando respondi\u00f3 de manera tajante la pregunta.<\/p>\n","protected":false},"excerpt":{"rendered":"<p>Visitas: 1\u201cNo las puedo anunciar si no nos van a o\u00edr los otros\u201d respondi\u00f3 el Gobernador del Estado de Veracruz, Cuitl\u00e1huac Garc\u00eda Jim\u00e9nez, ante los cuestionamientos realizados sobre cu\u00e1les ser\u00e1n las acciones que emprender\u00e1 su gobierno para enfrentar la situaci\u00f3n de inseguridad que existe en la entidad. El gobernador estuvo este domingo en Poza Rica, [&hellip;]<\/p>\n","protected":false},"author":6,"featured_media":166499,"comment_status":"open","ping_status":"open","sticky":false,"template":"","format":"standard","meta":{"footnotes":""},"categories":[213],"tags":[],"class_list":{"0":"post-166498","1":"post","2":"type-post","3":"status-publish","4":"format-standard","5":"has-post-thumbnail","7":"category-poza-rica"},"nelio_content":{"isAutoShareEnabled":true,"autoShareEndMode":"never","automationSources":{"useCustomSentences":false,"customSentences":[]},"followers":[],"suggestedReferences":[],"efiUrl":"","efiAlt":"","highlights":[],"permalinkQueryArgs":[],"series":[]},"_links":{"self":[{"href":"https:\/\/www.enteratever.com\/2023\/wp-json\/wp\/v2\/posts\/166498","targetHints":{"allow":["GET"]}}],"collection":[{"href":"https:\/\/www.enteratever.com\/2023\/wp-json\/wp\/v2\/posts"}],"about":[{"href":"https:\/\/www.enteratever.com\/2023\/wp-json\/wp\/v2\/types\/post"}],"author":[{"embeddable":true,"href":"https:\/\/www.enteratever.com\/2023\/wp-json\/wp\/v2\/users\/6"}],"replies":[{"embeddable":true,"href":"https:\/\/www.enteratever.com\/2023\/wp-json\/wp\/v2\/comments?post=166498"}],"version-history":[{"count":0,"href":"https:\/\/www.enteratever.com\/2023\/wp-json\/wp\/v2\/posts\/166498\/revisions"}],"wp:featuredmedia":[{"embeddable":true,"href":"https:\/\/www.enteratever.com\/2023\/wp-json\/wp\/v2\/media\/166499"}],"wp:attachment":[{"href":"https:\/\/www.enteratever.com\/2023\/wp-json\/wp\/v2\/media?parent=166498"}],"wp:term":[{"taxonomy":"category","embeddable":true,"href":"https:\/\/www.enteratever.com\/2023\/wp-json\/wp\/v2\/categories?post=166498"},{"taxonomy":"post_tag","embeddable":true,"href":"https:\/\/www.enteratever.com\/2023\/wp-json\/wp\/v2\/tags?post=166498"}],"curies":[{"name":"wp","href":"https:\/\/api.w.org\/{rel}","templated":true}]}}