{"id":166468,"date":"2019-03-09T03:00:33","date_gmt":"2019-03-09T03:00:33","guid":{"rendered":"https:\/\/www.enteratever.com\/2023\/soberbia-directora-corta-entrevista-de-presidenta-del-dif-en-poza-rica\/"},"modified":"2019-03-09T03:00:33","modified_gmt":"2019-03-09T03:00:33","slug":"soberbia-directora-corta-entrevista-de-presidenta-del-dif-en-poza-rica","status":"publish","type":"post","link":"https:\/\/www.enteratever.com\/2023\/2019\/03\/09\/soberbia-directora-corta-entrevista-de-presidenta-del-dif-en-poza-rica\/","title":{"rendered":"Soberbia Directora corta entrevista de Presidenta del DIF en Poza Rica"},"content":{"rendered":"<p>Visitas: 2<\/p><p style=\"text-align: justify;\">En evidencia se puso ante los medios de comunicaci\u00f3n Mar\u00eda Magdalena Lara Fuerte, Directora del Desarrollo Integral de la Familia (DIF) Municipal de Poza Rica, quien con prepotencia trat\u00f3 de cortar la entrevista realizada a Mar\u00eda de la Luz Straffon de Vel\u00e1zquez, Presidenta del DIF, en la cual se le cuestionaba sobre el funcionamiento de los albergues y la existencia de credenciales de INAPAM.<\/p>\n<p style=\"text-align: justify;\">Es importante hacer menci\u00f3n que la presidenta del DIF siempre mostr\u00f3 disposici\u00f3n para atender a la prensa, sin embargo, como ya es costumbre de Lara Fuerte; apresura a quien es su jefa para que evite responder las preguntas de los medios de comunicaci\u00f3n y extralimita sus funciones.<\/p>\n<p style=\"text-align: justify;\">Son muchas las voces de las personas que se quejan que al acudir al DIF para solicitar apoyos, se topan con el peor de los tratos por parte de Lara Fuerte, esta situaci\u00f3n qued\u00f3 en evidencia en una entrevista que realizaban diversos medios de comunicaci\u00f3n, luego del evento de inauguraci\u00f3n del curso \u201cLengua de Se\u00f1as\u201d que organiz\u00f3 el DIF de Poza Rica y la Universidad Veracruzana.<\/p>\n<p style=\"text-align: justify;\">En el video y en las fotograf\u00edas se observa como Lara Fuerte utiliza el lenguaje de se\u00f1as para dar a entender que la entrevista ya termin\u00f3 a los periodistas, sin conocer en lo m\u00e1s m\u00ednimo el trabajo que desempe\u00f1an estos, tambi\u00e9n se escucha que dice \u201chay le cortamos ya\u201d, con una actitud soberbia, dandole \u00f3rdenes a la Presidenta del DIF quien es su superior.<\/p>\n<p style=\"text-align: justify;\">Sin embargo, debido a que los periodistas insisten en los cuestionamientos y la presidenta continua respondiendo, la Directora del DIF opt\u00f3 por dar la espalda a los reporteros que hac\u00edan su trabajo y jalar a la entrevistada a pesar de que nadie se lo pidi\u00f3 y nunca su superior le dio la orden, esto en complicidad con un empleado del DIF.<\/p>\n<p style=\"text-align: justify;\">Una vez que termin\u00f3 la entrevista Lara Fuerte se queja con el fot\u00f3grafo del DIF sobre los medios de comunicaci\u00f3n, este le revira \u201clos medios piden la entrevista y ya despu\u00e9s la clavan\u201d.<\/p>\n<p style=\"text-align: justify;\">Cabe se\u00f1alar que en todas las entrevistas que proporciona Mar\u00eda de la Luz Straffon de Vel\u00e1zquez, Presidenta del DIF a los medios de comunicaci\u00f3n se muestra amable y dispuesta a responder los cuestionamientos, pero la actitud de quien ocupa el cargo de directora la hace ver mal; el trato que brinda a la gente y a los medios es d\u00e9spota, a pesar de que representa a una instituci\u00f3n de asistencia social.<\/p>\n<p style=\"text-align: justify;\">Al inicio de la presente administraci\u00f3n se habl\u00f3 sobre la posibilidad de destituir a esta funcionaria por prohibir el acceso a los albergues de los menores de edad a Yhereiri Carranza L\u00f3pez, Regidora Comisionada en Comisi\u00f3n de la Ni\u00f1ez y Familia a Dulce \u00a0Mar\u00eda Carpizo Bauza, Regidora responsable de Derechos Humanos.<\/p>\n","protected":false},"excerpt":{"rendered":"<p>Visitas: 2En evidencia se puso ante los medios de comunicaci\u00f3n Mar\u00eda Magdalena Lara Fuerte, Directora del Desarrollo Integral de la Familia (DIF) Municipal de Poza Rica, quien con prepotencia trat\u00f3 de cortar la entrevista realizada a Mar\u00eda de la Luz Straffon de Vel\u00e1zquez, Presidenta del DIF, en la cual se le cuestionaba sobre el funcionamiento [&hellip;]<\/p>\n","protected":false},"author":6,"featured_media":166469,"comment_status":"open","ping_status":"open","sticky":false,"template":"","format":"standard","meta":{"footnotes":""},"categories":[213],"tags":[],"class_list":{"0":"post-166468","1":"post","2":"type-post","3":"status-publish","4":"format-standard","5":"has-post-thumbnail","7":"category-poza-rica"},"nelio_content":{"isAutoShareEnabled":true,"autoShareEndMode":"never","automationSources":{"useCustomSentences":false,"customSentences":[]},"followers":[],"suggestedReferences":[],"efiUrl":"","efiAlt":"","highlights":[],"permalinkQueryArgs":[],"series":[]},"_links":{"self":[{"href":"https:\/\/www.enteratever.com\/2023\/wp-json\/wp\/v2\/posts\/166468","targetHints":{"allow":["GET"]}}],"collection":[{"href":"https:\/\/www.enteratever.com\/2023\/wp-json\/wp\/v2\/posts"}],"about":[{"href":"https:\/\/www.enteratever.com\/2023\/wp-json\/wp\/v2\/types\/post"}],"author":[{"embeddable":true,"href":"https:\/\/www.enteratever.com\/2023\/wp-json\/wp\/v2\/users\/6"}],"replies":[{"embeddable":true,"href":"https:\/\/www.enteratever.com\/2023\/wp-json\/wp\/v2\/comments?post=166468"}],"version-history":[{"count":0,"href":"https:\/\/www.enteratever.com\/2023\/wp-json\/wp\/v2\/posts\/166468\/revisions"}],"wp:featuredmedia":[{"embeddable":true,"href":"https:\/\/www.enteratever.com\/2023\/wp-json\/wp\/v2\/media\/166469"}],"wp:attachment":[{"href":"https:\/\/www.enteratever.com\/2023\/wp-json\/wp\/v2\/media?parent=166468"}],"wp:term":[{"taxonomy":"category","embeddable":true,"href":"https:\/\/www.enteratever.com\/2023\/wp-json\/wp\/v2\/categories?post=166468"},{"taxonomy":"post_tag","embeddable":true,"href":"https:\/\/www.enteratever.com\/2023\/wp-json\/wp\/v2\/tags?post=166468"}],"curies":[{"name":"wp","href":"https:\/\/api.w.org\/{rel}","templated":true}]}}