{"id":166466,"date":"2019-03-07T19:21:23","date_gmt":"2019-03-07T19:21:23","guid":{"rendered":"https:\/\/www.enteratever.com\/2023\/toman-acciones-para-evitar-trafico-en-la-carretera-poza-rica-coatzintla\/"},"modified":"2019-03-07T19:21:23","modified_gmt":"2019-03-07T19:21:23","slug":"toman-acciones-para-evitar-trafico-en-la-carretera-poza-rica-coatzintla","status":"publish","type":"post","link":"https:\/\/www.enteratever.com\/2023\/2019\/03\/07\/toman-acciones-para-evitar-trafico-en-la-carretera-poza-rica-coatzintla\/","title":{"rendered":"Toman acciones para evitar tr\u00e1fico en la carretera Poza Rica &#8211; Coatzintla"},"content":{"rendered":"<p>Visitas: 3<\/p><p style=\"text-align: justify;\">Para evitar el tr\u00e1fico vial en la carretera Poza Rica- Coatzintla por los trabajos que se realizan el ayuntamiento de Poza Rica trabaja en coordinaci\u00f3n con el Gobierno del Estado para emprender acciones en este tema, se\u00f1al\u00f3 Eloy N\u00fa\u00f1ez Le\u00f3n, regidor comisionado en el \u00e1rea.<\/p>\n<p style=\"text-align: justify;\">El regidor solicit\u00f3 a los ciudadanos que acaten las indicaciones de los elementos viales y que tomen la v\u00eda alterna para acceder a Coatzintla.<\/p>\n<p>https:\/\/www.facebook.com\/Enteratevercom\/videos\/326195138030945\/?__xts__%5B0%5D=68.ARDRci1FNVmISMH7WiF7OWgUMipaly_yXyTRKDnXd3IjmN5uSf1Iwv-03N5ZXKUnFiocsLVLUMnw&#8211;79cBMgDvyYJEeCOX57jnd3PxCu9aaNihe1L13hM_3TdJ26BeAvDPwEkm2W0DTCd40A7LUajET2mhaO_UqPnrvJ75Als4L_f6uoiRZe521JR_dDEeD2wjaOjGCMJBfUFLdibJw3KSiJE6vUHT4WbsWqXAn0PH7aVnHLzH2AUsBmpOB1XQX8rjsjDeGp5xjPB9roWn5R2qF137ic80Ht8fPw5LhI2x3nFSbfC_Fhla0GTsYC3ZDorPCilJlnsADZDsuRXx4NBh3K0JDyI2Me&#038;__tn__=-R<\/p>\n","protected":false},"excerpt":{"rendered":"<p>Visitas: 3Para evitar el tr\u00e1fico vial en la carretera Poza Rica- Coatzintla por los trabajos que se realizan el ayuntamiento de Poza Rica trabaja en coordinaci\u00f3n con el Gobierno del Estado para emprender acciones en este tema, se\u00f1al\u00f3 Eloy N\u00fa\u00f1ez Le\u00f3n, regidor comisionado en el \u00e1rea. El regidor solicit\u00f3 a los ciudadanos que acaten las [&hellip;]<\/p>\n","protected":false},"author":6,"featured_media":166467,"comment_status":"open","ping_status":"open","sticky":false,"template":"","format":"standard","meta":{"footnotes":""},"categories":[213],"tags":[],"class_list":{"0":"post-166466","1":"post","2":"type-post","3":"status-publish","4":"format-standard","5":"has-post-thumbnail","7":"category-poza-rica"},"nelio_content":{"isAutoShareEnabled":true,"autoShareEndMode":"never","automationSources":{"useCustomSentences":false,"customSentences":[]},"followers":[],"suggestedReferences":[],"efiUrl":"","efiAlt":"","highlights":[],"permalinkQueryArgs":[],"series":[]},"_links":{"self":[{"href":"https:\/\/www.enteratever.com\/2023\/wp-json\/wp\/v2\/posts\/166466","targetHints":{"allow":["GET"]}}],"collection":[{"href":"https:\/\/www.enteratever.com\/2023\/wp-json\/wp\/v2\/posts"}],"about":[{"href":"https:\/\/www.enteratever.com\/2023\/wp-json\/wp\/v2\/types\/post"}],"author":[{"embeddable":true,"href":"https:\/\/www.enteratever.com\/2023\/wp-json\/wp\/v2\/users\/6"}],"replies":[{"embeddable":true,"href":"https:\/\/www.enteratever.com\/2023\/wp-json\/wp\/v2\/comments?post=166466"}],"version-history":[{"count":0,"href":"https:\/\/www.enteratever.com\/2023\/wp-json\/wp\/v2\/posts\/166466\/revisions"}],"wp:featuredmedia":[{"embeddable":true,"href":"https:\/\/www.enteratever.com\/2023\/wp-json\/wp\/v2\/media\/166467"}],"wp:attachment":[{"href":"https:\/\/www.enteratever.com\/2023\/wp-json\/wp\/v2\/media?parent=166466"}],"wp:term":[{"taxonomy":"category","embeddable":true,"href":"https:\/\/www.enteratever.com\/2023\/wp-json\/wp\/v2\/categories?post=166466"},{"taxonomy":"post_tag","embeddable":true,"href":"https:\/\/www.enteratever.com\/2023\/wp-json\/wp\/v2\/tags?post=166466"}],"curies":[{"name":"wp","href":"https:\/\/api.w.org\/{rel}","templated":true}]}}