{"id":166444,"date":"2019-03-04T18:30:25","date_gmt":"2019-03-04T18:30:25","guid":{"rendered":"https:\/\/www.enteratever.com\/2023\/taxistas-de-poza-rica-demanda-al-gobierno-del-estado-seguridad\/"},"modified":"2019-03-04T18:30:25","modified_gmt":"2019-03-04T18:30:25","slug":"taxistas-de-poza-rica-demanda-al-gobierno-del-estado-seguridad","status":"publish","type":"post","link":"https:\/\/www.enteratever.com\/2023\/2019\/03\/04\/taxistas-de-poza-rica-demanda-al-gobierno-del-estado-seguridad\/","title":{"rendered":"Taxistas de Poza Rica demanda al Gobierno del Estado seguridad"},"content":{"rendered":"<p>Visitas: 1<\/p><p style=\"text-align: justify;\">Ante los reciente hechos ocurridos en Xalapa y Poza Rica los diversos sindicatos de taxistas se han unido para realizar la petici\u00f3n al Gobierno del Estado para que les garantice seguridad, la situaci\u00f3n no solo afecta a los trabajadores del volante a toda la poblaci\u00f3n se\u00f1al\u00f3 Samuel Vicencio Delgado, Coordinador de la Confederaci\u00f3n Aut\u00e9ntica de Trabajadores de la Rep\u00fablica Mexicana (Fatev).<\/p>\n<p style=\"text-align: justify;\">En entrevista se\u00f1al\u00f3 que solo la organizaci\u00f3n cuenta con siete organizaciones sindicales, y ahora se han hermanado con otros sindicatos para hacer frente a la situaci\u00f3n que se vive en la entidad.<\/p>\n<p style=\"text-align: justify;\">Un gran n\u00famero de taxistas padecen el tema de la inseguridad debido a que trabajan el turno nocturno debido a que la ciudadan\u00eda requiere el servicio a todas horas \u201c estamos haciendo la petici\u00f3n al gobernador por medio del secretario de gobierno para que traslade parte de la gendarmer\u00eda nacional a Poza Rica\u201d, dijo.<\/p>\n<p style=\"text-align: justify;\">Todos los ciudadanos est\u00e1n expuestos a la inseguridad no solo los choferes, \u201cel ciudadano necesita salir seguro a trabajar, con su familia, es un tema importante lo que estamos solicitando nosotros\u201d.<\/p>\n","protected":false},"excerpt":{"rendered":"<p>Visitas: 1Ante los reciente hechos ocurridos en Xalapa y Poza Rica los diversos sindicatos de taxistas se han unido para realizar la petici\u00f3n al Gobierno del Estado para que les garantice seguridad, la situaci\u00f3n no solo afecta a los trabajadores del volante a toda la poblaci\u00f3n se\u00f1al\u00f3 Samuel Vicencio Delgado, Coordinador de la Confederaci\u00f3n Aut\u00e9ntica [&hellip;]<\/p>\n","protected":false},"author":6,"featured_media":166445,"comment_status":"open","ping_status":"open","sticky":false,"template":"","format":"standard","meta":{"footnotes":""},"categories":[213],"tags":[],"class_list":{"0":"post-166444","1":"post","2":"type-post","3":"status-publish","4":"format-standard","5":"has-post-thumbnail","7":"category-poza-rica"},"nelio_content":{"isAutoShareEnabled":true,"autoShareEndMode":"never","automationSources":{"useCustomSentences":false,"customSentences":[]},"followers":[],"suggestedReferences":[],"efiUrl":"","efiAlt":"","highlights":[],"permalinkQueryArgs":[],"series":[]},"_links":{"self":[{"href":"https:\/\/www.enteratever.com\/2023\/wp-json\/wp\/v2\/posts\/166444","targetHints":{"allow":["GET"]}}],"collection":[{"href":"https:\/\/www.enteratever.com\/2023\/wp-json\/wp\/v2\/posts"}],"about":[{"href":"https:\/\/www.enteratever.com\/2023\/wp-json\/wp\/v2\/types\/post"}],"author":[{"embeddable":true,"href":"https:\/\/www.enteratever.com\/2023\/wp-json\/wp\/v2\/users\/6"}],"replies":[{"embeddable":true,"href":"https:\/\/www.enteratever.com\/2023\/wp-json\/wp\/v2\/comments?post=166444"}],"version-history":[{"count":0,"href":"https:\/\/www.enteratever.com\/2023\/wp-json\/wp\/v2\/posts\/166444\/revisions"}],"wp:featuredmedia":[{"embeddable":true,"href":"https:\/\/www.enteratever.com\/2023\/wp-json\/wp\/v2\/media\/166445"}],"wp:attachment":[{"href":"https:\/\/www.enteratever.com\/2023\/wp-json\/wp\/v2\/media?parent=166444"}],"wp:term":[{"taxonomy":"category","embeddable":true,"href":"https:\/\/www.enteratever.com\/2023\/wp-json\/wp\/v2\/categories?post=166444"},{"taxonomy":"post_tag","embeddable":true,"href":"https:\/\/www.enteratever.com\/2023\/wp-json\/wp\/v2\/tags?post=166444"}],"curies":[{"name":"wp","href":"https:\/\/api.w.org\/{rel}","templated":true}]}}