{"id":166442,"date":"2019-03-02T16:59:04","date_gmt":"2019-03-02T16:59:04","guid":{"rendered":"https:\/\/www.enteratever.com\/2023\/ayuntamiento-donara-predio-para-instalar-cuartel-de-la-guardia-nacional\/"},"modified":"2019-03-02T16:59:04","modified_gmt":"2019-03-02T16:59:04","slug":"ayuntamiento-donara-predio-para-instalar-cuartel-de-la-guardia-nacional","status":"publish","type":"post","link":"https:\/\/www.enteratever.com\/2023\/2019\/03\/02\/ayuntamiento-donara-predio-para-instalar-cuartel-de-la-guardia-nacional\/","title":{"rendered":"Ayuntamiento donar\u00e1 predio para instalar cuartel de la Guardia Nacional"},"content":{"rendered":"<p>Visitas: 1<\/p><p style=\"text-align: justify;\">La aprobaci\u00f3n de la Guardia Nacional es una decisi\u00f3n que encaja dentro de la pol\u00edtica de seguridad que plantea el gobierno federal, se\u00f1al\u00f3 Francisco Javier Vel\u00e1zquez Vallejo, presidente de Poza Rica.<\/p>\n<p style=\"text-align: justify;\">Explic\u00f3 que el ayuntamiento de Poza Rica se encargar\u00e1 de localizar un predio que para que sea instalado el cuartel para la guardia nacional, el Secretario de Gobierno, Eric Cisneros Burgos fue quien hizo la petici\u00f3n al alcalde.<\/p>\n<p style=\"text-align: justify;\">Enfatiz\u00f3 que el municipio ceder\u00e1 el espacio para instalar uno de los 10 cuarteles de la Guardia Nacional que se establecer\u00e1n en Veracruz.<\/p>\n<p>https:\/\/www.facebook.com\/Enteratevercom\/videos\/374640593126179\/<\/p>\n","protected":false},"excerpt":{"rendered":"<p>Visitas: 1La aprobaci\u00f3n de la Guardia Nacional es una decisi\u00f3n que encaja dentro de la pol\u00edtica de seguridad que plantea el gobierno federal, se\u00f1al\u00f3 Francisco Javier Vel\u00e1zquez Vallejo, presidente de Poza Rica. Explic\u00f3 que el ayuntamiento de Poza Rica se encargar\u00e1 de localizar un predio que para que sea instalado el cuartel para la guardia [&hellip;]<\/p>\n","protected":false},"author":6,"featured_media":166443,"comment_status":"open","ping_status":"open","sticky":false,"template":"","format":"standard","meta":{"footnotes":""},"categories":[213],"tags":[],"class_list":{"0":"post-166442","1":"post","2":"type-post","3":"status-publish","4":"format-standard","5":"has-post-thumbnail","7":"category-poza-rica"},"nelio_content":{"isAutoShareEnabled":true,"autoShareEndMode":"never","automationSources":{"useCustomSentences":false,"customSentences":[]},"followers":[],"suggestedReferences":[],"efiUrl":"","efiAlt":"","highlights":[],"permalinkQueryArgs":[],"series":[]},"_links":{"self":[{"href":"https:\/\/www.enteratever.com\/2023\/wp-json\/wp\/v2\/posts\/166442","targetHints":{"allow":["GET"]}}],"collection":[{"href":"https:\/\/www.enteratever.com\/2023\/wp-json\/wp\/v2\/posts"}],"about":[{"href":"https:\/\/www.enteratever.com\/2023\/wp-json\/wp\/v2\/types\/post"}],"author":[{"embeddable":true,"href":"https:\/\/www.enteratever.com\/2023\/wp-json\/wp\/v2\/users\/6"}],"replies":[{"embeddable":true,"href":"https:\/\/www.enteratever.com\/2023\/wp-json\/wp\/v2\/comments?post=166442"}],"version-history":[{"count":0,"href":"https:\/\/www.enteratever.com\/2023\/wp-json\/wp\/v2\/posts\/166442\/revisions"}],"wp:featuredmedia":[{"embeddable":true,"href":"https:\/\/www.enteratever.com\/2023\/wp-json\/wp\/v2\/media\/166443"}],"wp:attachment":[{"href":"https:\/\/www.enteratever.com\/2023\/wp-json\/wp\/v2\/media?parent=166442"}],"wp:term":[{"taxonomy":"category","embeddable":true,"href":"https:\/\/www.enteratever.com\/2023\/wp-json\/wp\/v2\/categories?post=166442"},{"taxonomy":"post_tag","embeddable":true,"href":"https:\/\/www.enteratever.com\/2023\/wp-json\/wp\/v2\/tags?post=166442"}],"curies":[{"name":"wp","href":"https:\/\/api.w.org\/{rel}","templated":true}]}}