{"id":166440,"date":"2019-02-28T19:44:41","date_gmt":"2019-02-28T19:44:41","guid":{"rendered":"https:\/\/www.enteratever.com\/2023\/fisuras-en-la-obra-carretera-poza-rica-coatzintla-son-normales-siop\/"},"modified":"2019-02-28T19:44:41","modified_gmt":"2019-02-28T19:44:41","slug":"fisuras-en-la-obra-carretera-poza-rica-coatzintla-son-normales-siop","status":"publish","type":"post","link":"https:\/\/www.enteratever.com\/2023\/2019\/02\/28\/fisuras-en-la-obra-carretera-poza-rica-coatzintla-son-normales-siop\/","title":{"rendered":"Fisuras en la obra carretera Poza Rica &#8211; Coatzintla son normales: SIOP"},"content":{"rendered":"<p>Visitas: 1<\/p><p style=\"text-align: justify;\">El subsecretario de Infraestructura y Obra P\u00fablica, Fernando El\u00edas Guevara se\u00f1al\u00f3 que tal como lo anunci\u00f3 el presidente de M\u00e9xico Andr\u00e9s Manuel L\u00f3pez Obrador existen proyectos importante que se van a realizar en la zona.<\/p>\n<p style=\"text-align: justify;\">Destac\u00f3 que existen muchos comentarios negativos hacia la obra que se realiza en la carretera Poza Rica- Coatzintla, sin embargo subray\u00f3 que se debe hacer caso omiso a estos, \u00abestamos supervisando, hubo una fisura pero es normal en el proceso constructivo que surjan algunas cosas las cuales se van a subsanar, la obra todav\u00eda termina, no hay que iniciar a juzgar, todav\u00eda no termina la obra; si les aseguramos el gobierno del estado que la obra se va a terminar y va a ser de CALIDAD\u00bb<\/p>\n<p style=\"text-align: justify;\">A\u00f1adi\u00f3 que en esta administraci\u00f3n se les est\u00e1 dando prioridad a los empresarios locales para los proyectos hizo la invitaci\u00f3n para que liciten por las obras que se ejecutar\u00e1n durante la gesti\u00f3n.<\/p>\n","protected":false},"excerpt":{"rendered":"<p>Visitas: 1El subsecretario de Infraestructura y Obra P\u00fablica, Fernando El\u00edas Guevara se\u00f1al\u00f3 que tal como lo anunci\u00f3 el presidente de M\u00e9xico Andr\u00e9s Manuel L\u00f3pez Obrador existen proyectos importante que se van a realizar en la zona. Destac\u00f3 que existen muchos comentarios negativos hacia la obra que se realiza en la carretera Poza Rica- Coatzintla, sin [&hellip;]<\/p>\n","protected":false},"author":6,"featured_media":166441,"comment_status":"open","ping_status":"open","sticky":false,"template":"","format":"standard","meta":{"footnotes":""},"categories":[213],"tags":[],"class_list":{"0":"post-166440","1":"post","2":"type-post","3":"status-publish","4":"format-standard","5":"has-post-thumbnail","7":"category-poza-rica"},"nelio_content":{"isAutoShareEnabled":true,"autoShareEndMode":"never","automationSources":{"useCustomSentences":false,"customSentences":[]},"followers":[],"suggestedReferences":[],"efiUrl":"","efiAlt":"","highlights":[],"permalinkQueryArgs":[],"series":[]},"_links":{"self":[{"href":"https:\/\/www.enteratever.com\/2023\/wp-json\/wp\/v2\/posts\/166440","targetHints":{"allow":["GET"]}}],"collection":[{"href":"https:\/\/www.enteratever.com\/2023\/wp-json\/wp\/v2\/posts"}],"about":[{"href":"https:\/\/www.enteratever.com\/2023\/wp-json\/wp\/v2\/types\/post"}],"author":[{"embeddable":true,"href":"https:\/\/www.enteratever.com\/2023\/wp-json\/wp\/v2\/users\/6"}],"replies":[{"embeddable":true,"href":"https:\/\/www.enteratever.com\/2023\/wp-json\/wp\/v2\/comments?post=166440"}],"version-history":[{"count":0,"href":"https:\/\/www.enteratever.com\/2023\/wp-json\/wp\/v2\/posts\/166440\/revisions"}],"wp:featuredmedia":[{"embeddable":true,"href":"https:\/\/www.enteratever.com\/2023\/wp-json\/wp\/v2\/media\/166441"}],"wp:attachment":[{"href":"https:\/\/www.enteratever.com\/2023\/wp-json\/wp\/v2\/media?parent=166440"}],"wp:term":[{"taxonomy":"category","embeddable":true,"href":"https:\/\/www.enteratever.com\/2023\/wp-json\/wp\/v2\/categories?post=166440"},{"taxonomy":"post_tag","embeddable":true,"href":"https:\/\/www.enteratever.com\/2023\/wp-json\/wp\/v2\/tags?post=166440"}],"curies":[{"name":"wp","href":"https:\/\/api.w.org\/{rel}","templated":true}]}}