{"id":166420,"date":"2019-02-25T20:06:38","date_gmt":"2019-02-25T20:06:38","guid":{"rendered":"https:\/\/www.enteratever.com\/2023\/corte-real-visita-al-ayuntamiento-de-poza-rica\/"},"modified":"2019-02-25T20:06:38","modified_gmt":"2019-02-25T20:06:38","slug":"corte-real-visita-al-ayuntamiento-de-poza-rica","status":"publish","type":"post","link":"https:\/\/www.enteratever.com\/2023\/2019\/02\/25\/corte-real-visita-al-ayuntamiento-de-poza-rica\/","title":{"rendered":"Corte Real visita al ayuntamiento de Poza Rica"},"content":{"rendered":"<p>Visitas: 14<\/p><p style=\"text-align: justify;\">Los integrantes de la Corte Real, integrada por la Reina del Petr\u00f3leo, Mariant Monserrat Mart\u00ednez V\u00e1zquez; el Rey de Chapo, No\u00e9 Vidal Mancilla; la Princesa Primera, Arantxa Zulidey S\u00e1nchez Rojas; y la Princesa Segunda, Dolores Hern\u00e1ndez Torres; estuvieron en el ayuntamiento para realizar la invitaci\u00f3n a la coronaci\u00f3n del pr\u00f3ximo 8 de marzo en el domo de la Plaza C\u00edvica 18 de marzo.<\/p>\n","protected":false},"excerpt":{"rendered":"<p>Visitas: 14Los integrantes de la Corte Real, integrada por la Reina del Petr\u00f3leo, Mariant Monserrat Mart\u00ednez V\u00e1zquez; el Rey de Chapo, No\u00e9 Vidal Mancilla; la Princesa Primera, Arantxa Zulidey S\u00e1nchez Rojas; y la Princesa Segunda, Dolores Hern\u00e1ndez Torres; estuvieron en el ayuntamiento para realizar la invitaci\u00f3n a la coronaci\u00f3n del pr\u00f3ximo 8 de marzo en [&hellip;]<\/p>\n","protected":false},"author":6,"featured_media":166421,"comment_status":"open","ping_status":"open","sticky":false,"template":"","format":"standard","meta":{"footnotes":""},"categories":[213],"tags":[],"class_list":{"0":"post-166420","1":"post","2":"type-post","3":"status-publish","4":"format-standard","5":"has-post-thumbnail","7":"category-poza-rica"},"nelio_content":{"isAutoShareEnabled":true,"autoShareEndMode":"never","automationSources":{"useCustomSentences":false,"customSentences":[]},"followers":[],"suggestedReferences":[],"efiUrl":"","efiAlt":"","highlights":[],"permalinkQueryArgs":[],"series":[]},"_links":{"self":[{"href":"https:\/\/www.enteratever.com\/2023\/wp-json\/wp\/v2\/posts\/166420","targetHints":{"allow":["GET"]}}],"collection":[{"href":"https:\/\/www.enteratever.com\/2023\/wp-json\/wp\/v2\/posts"}],"about":[{"href":"https:\/\/www.enteratever.com\/2023\/wp-json\/wp\/v2\/types\/post"}],"author":[{"embeddable":true,"href":"https:\/\/www.enteratever.com\/2023\/wp-json\/wp\/v2\/users\/6"}],"replies":[{"embeddable":true,"href":"https:\/\/www.enteratever.com\/2023\/wp-json\/wp\/v2\/comments?post=166420"}],"version-history":[{"count":0,"href":"https:\/\/www.enteratever.com\/2023\/wp-json\/wp\/v2\/posts\/166420\/revisions"}],"wp:featuredmedia":[{"embeddable":true,"href":"https:\/\/www.enteratever.com\/2023\/wp-json\/wp\/v2\/media\/166421"}],"wp:attachment":[{"href":"https:\/\/www.enteratever.com\/2023\/wp-json\/wp\/v2\/media?parent=166420"}],"wp:term":[{"taxonomy":"category","embeddable":true,"href":"https:\/\/www.enteratever.com\/2023\/wp-json\/wp\/v2\/categories?post=166420"},{"taxonomy":"post_tag","embeddable":true,"href":"https:\/\/www.enteratever.com\/2023\/wp-json\/wp\/v2\/tags?post=166420"}],"curies":[{"name":"wp","href":"https:\/\/api.w.org\/{rel}","templated":true}]}}