{"id":166418,"date":"2019-02-25T15:47:31","date_gmt":"2019-02-25T15:47:31","guid":{"rendered":"https:\/\/www.enteratever.com\/2023\/reitera-alcalde-dinero-de-parquimetros-se-invertira-en-el-centro-de-poza-rica\/"},"modified":"2019-02-25T15:47:31","modified_gmt":"2019-02-25T15:47:31","slug":"reitera-alcalde-dinero-de-parquimetros-se-invertira-en-el-centro-de-poza-rica","status":"publish","type":"post","link":"https:\/\/www.enteratever.com\/2023\/2019\/02\/25\/reitera-alcalde-dinero-de-parquimetros-se-invertira-en-el-centro-de-poza-rica\/","title":{"rendered":"Reitera alcalde dinero de parqu\u00edmetros se invertir\u00e1 en el centro de Poza Rica"},"content":{"rendered":"<p>Visitas: 1<\/p><p style=\"text-align: justify;\">Los recursos recaudados de los parqu\u00edmetros ser\u00e1n utilizados para mejorar el rostro de Poza Rica, el recurso est\u00e1 transparentado, se\u00f1al\u00f3 Francisco Javier Vel\u00e1zquez Vallejo, presidente municipal.<\/p>\n<p style=\"text-align: justify;\">En entrevista explic\u00f3 que no estuvo presente en la reuni\u00f3n que sostuvo la asociaci\u00f3n civil 2040 con algunos de los integrantes de la comuna el viernes pasado, sin embargo, dijo que el 32% que obtiene el ayuntamiento de lo generado por los parqu\u00edmetros ser\u00e1 invertido en el centro de la ciudad.<\/p>\n<p style=\"text-align: justify;\">A\u00f1adi\u00f3 que el contrato colectivo establecido con SMvial marca el porcentaje que responde a la comuna y lo reunido hasta ahora est\u00e1 transparentado.<\/p>\n","protected":false},"excerpt":{"rendered":"<p>Visitas: 1Los recursos recaudados de los parqu\u00edmetros ser\u00e1n utilizados para mejorar el rostro de Poza Rica, el recurso est\u00e1 transparentado, se\u00f1al\u00f3 Francisco Javier Vel\u00e1zquez Vallejo, presidente municipal. En entrevista explic\u00f3 que no estuvo presente en la reuni\u00f3n que sostuvo la asociaci\u00f3n civil 2040 con algunos de los integrantes de la comuna el viernes pasado, sin [&hellip;]<\/p>\n","protected":false},"author":6,"featured_media":166419,"comment_status":"open","ping_status":"open","sticky":false,"template":"","format":"standard","meta":{"footnotes":""},"categories":[213],"tags":[],"class_list":{"0":"post-166418","1":"post","2":"type-post","3":"status-publish","4":"format-standard","5":"has-post-thumbnail","7":"category-poza-rica"},"nelio_content":{"isAutoShareEnabled":true,"autoShareEndMode":"never","automationSources":{"useCustomSentences":false,"customSentences":[]},"followers":[],"suggestedReferences":[],"efiUrl":"","efiAlt":"","highlights":[],"permalinkQueryArgs":[],"series":[]},"_links":{"self":[{"href":"https:\/\/www.enteratever.com\/2023\/wp-json\/wp\/v2\/posts\/166418","targetHints":{"allow":["GET"]}}],"collection":[{"href":"https:\/\/www.enteratever.com\/2023\/wp-json\/wp\/v2\/posts"}],"about":[{"href":"https:\/\/www.enteratever.com\/2023\/wp-json\/wp\/v2\/types\/post"}],"author":[{"embeddable":true,"href":"https:\/\/www.enteratever.com\/2023\/wp-json\/wp\/v2\/users\/6"}],"replies":[{"embeddable":true,"href":"https:\/\/www.enteratever.com\/2023\/wp-json\/wp\/v2\/comments?post=166418"}],"version-history":[{"count":0,"href":"https:\/\/www.enteratever.com\/2023\/wp-json\/wp\/v2\/posts\/166418\/revisions"}],"wp:featuredmedia":[{"embeddable":true,"href":"https:\/\/www.enteratever.com\/2023\/wp-json\/wp\/v2\/media\/166419"}],"wp:attachment":[{"href":"https:\/\/www.enteratever.com\/2023\/wp-json\/wp\/v2\/media?parent=166418"}],"wp:term":[{"taxonomy":"category","embeddable":true,"href":"https:\/\/www.enteratever.com\/2023\/wp-json\/wp\/v2\/categories?post=166418"},{"taxonomy":"post_tag","embeddable":true,"href":"https:\/\/www.enteratever.com\/2023\/wp-json\/wp\/v2\/tags?post=166418"}],"curies":[{"name":"wp","href":"https:\/\/api.w.org\/{rel}","templated":true}]}}