{"id":166414,"date":"2019-02-21T17:52:31","date_gmt":"2019-02-21T17:52:31","guid":{"rendered":"https:\/\/www.enteratever.com\/2023\/fuerza-civil-ya-no-esta-en-poza-rica\/"},"modified":"2019-02-21T17:52:31","modified_gmt":"2019-02-21T17:52:31","slug":"fuerza-civil-ya-no-esta-en-poza-rica","status":"publish","type":"post","link":"https:\/\/www.enteratever.com\/2023\/2019\/02\/21\/fuerza-civil-ya-no-esta-en-poza-rica\/","title":{"rendered":"Fuerza Civil ya no est\u00e1 en Poza Rica"},"content":{"rendered":"<p>Visitas: 12<\/p><p style=\"text-align: justify;\">La Secretar\u00eda de Seguridad P\u00fablica decidi\u00f3 retirar a la Fuerza Civil de regi\u00f3n norte del estado, as\u00ed mismo decidieron enviar a los elementos estatales, as\u00ed lo inform\u00f3 Francisco Javier Vel\u00e1zquez Vallejo, Presidente Municipal de Poza Rica.<\/p>\n<p style=\"text-align: justify;\">En entrevista se\u00f1al\u00f3 que la informaci\u00f3n se dio a conocer en la reuniones que mantienen los municipios para preservar la seguridad, sin embargo, la SSP no env\u00edo un comunicado oficial para hacer ficha notificaci\u00f3n. Ante el cuestionamiento si esto deja a la deriva al municipio y si preocupa la seguridad, afirm\u00f3 que no por el contrario si se retiraron a los elementos de la zona es porque se est\u00e1n realizando acciones en materia de seguridad y esta es la que consideran viable.<\/p>\n<p style=\"text-align: justify;\">El alcalde dijo desconocer la cantidad exacta de elemento de la Fuerza Civil que estaban en la zona, as\u00ed mismo el n\u00famero de los que llegar\u00e1n esto por motivos de seguridad.<\/p>\n<p style=\"text-align: justify;\">Destac\u00f3 que siguen solicitando las armas para los elementos de la polic\u00eda municipal, esto luego de sus creaci\u00f3n. Por otro lado reconoci\u00f3 que se han incrementado los \u00edndices delictivos en Poza Rica y la regi\u00f3n, los principales delitos son: robos a transe\u00fantes, a casa habitaci\u00f3n y a tiendas comerciales, pero se est\u00e1n buscando estrategias para que estos disminuyan.<\/p>\n","protected":false},"excerpt":{"rendered":"<p>Reconoce alcalde que incrementaron delitos<\/p>\n","protected":false},"author":6,"featured_media":166415,"comment_status":"open","ping_status":"open","sticky":false,"template":"","format":"standard","meta":{"footnotes":""},"categories":[213],"tags":[],"class_list":{"0":"post-166414","1":"post","2":"type-post","3":"status-publish","4":"format-standard","5":"has-post-thumbnail","7":"category-poza-rica"},"nelio_content":{"isAutoShareEnabled":true,"autoShareEndMode":"never","automationSources":{"useCustomSentences":false,"customSentences":[]},"followers":[],"suggestedReferences":[],"efiUrl":"","efiAlt":"","highlights":[],"permalinkQueryArgs":[],"series":[]},"_links":{"self":[{"href":"https:\/\/www.enteratever.com\/2023\/wp-json\/wp\/v2\/posts\/166414","targetHints":{"allow":["GET"]}}],"collection":[{"href":"https:\/\/www.enteratever.com\/2023\/wp-json\/wp\/v2\/posts"}],"about":[{"href":"https:\/\/www.enteratever.com\/2023\/wp-json\/wp\/v2\/types\/post"}],"author":[{"embeddable":true,"href":"https:\/\/www.enteratever.com\/2023\/wp-json\/wp\/v2\/users\/6"}],"replies":[{"embeddable":true,"href":"https:\/\/www.enteratever.com\/2023\/wp-json\/wp\/v2\/comments?post=166414"}],"version-history":[{"count":0,"href":"https:\/\/www.enteratever.com\/2023\/wp-json\/wp\/v2\/posts\/166414\/revisions"}],"wp:featuredmedia":[{"embeddable":true,"href":"https:\/\/www.enteratever.com\/2023\/wp-json\/wp\/v2\/media\/166415"}],"wp:attachment":[{"href":"https:\/\/www.enteratever.com\/2023\/wp-json\/wp\/v2\/media?parent=166414"}],"wp:term":[{"taxonomy":"category","embeddable":true,"href":"https:\/\/www.enteratever.com\/2023\/wp-json\/wp\/v2\/categories?post=166414"},{"taxonomy":"post_tag","embeddable":true,"href":"https:\/\/www.enteratever.com\/2023\/wp-json\/wp\/v2\/tags?post=166414"}],"curies":[{"name":"wp","href":"https:\/\/api.w.org\/{rel}","templated":true}]}}