{"id":166406,"date":"2019-02-19T22:48:42","date_gmt":"2019-02-19T22:48:42","guid":{"rendered":"https:\/\/www.enteratever.com\/2023\/protestan-trabajadores-de-la-caev\/"},"modified":"2019-02-19T22:48:42","modified_gmt":"2019-02-19T22:48:42","slug":"protestan-trabajadores-de-la-caev","status":"publish","type":"post","link":"https:\/\/www.enteratever.com\/2023\/2019\/02\/19\/protestan-trabajadores-de-la-caev\/","title":{"rendered":"Protestan trabajadores de la Caev"},"content":{"rendered":"<p>Visitas: 1<\/p><p style=\"text-align: justify;\">Trabajadores de la Comisi\u00f3n de Agua del Estado de Veracruz (CAEV) protestaron afuera de las instalaciones de la oficina operadora de Poza Rica, exigen el pago de prestaciones como: aguinaldo y fondos de ahorros, son m\u00e1s de 300 los afectados que tienen m\u00e1s de tres meses esperando que les hagan efectivos los pagos.<\/p>\n<p style=\"text-align: justify;\">El monto del adeudo asciende a 11 millones de pesos, el l\u00edder de los trabajadores Jaime Osvaldo enfatiz\u00f3 que han otorgado pr\u00f3rrogas a la dependencia para que cubra dichos adeudos, sin embargo, la paciencia de los trabajadores ya lleg\u00f3 a su l\u00edmite y no pretenden esperar m\u00e1s.<\/p>\n<p style=\"text-align: justify;\">Guillermo Gonz\u00e1lez Alamillo titular de la CAEV de Poza Rica explic\u00f3 que los pasivos no han podido ser cubiertos debido a los escasos ingresos que tiene la oficina operadora por lo que han solicitado un pr\u00e9stamo a las oficinas centrales, a\u00f1adi\u00f3 que el 18 del presente mes fue cubierta la mitad de la deuda; dialog\u00f3 con los manifestantes para solicitarles su comprensi\u00f3n y se comprometi\u00f3 a replicar su petici\u00f3n ante las autoridades centrales.<\/p>\n<p style=\"text-align: justify;\">En entrevista afirm\u00f3 que el adeudo data de 2017 y fue la pasada administraci\u00f3n la que no cubri\u00f3 dichas prestaciones.<\/p>\n","protected":false},"excerpt":{"rendered":"<p>Visitas: 1Trabajadores de la Comisi\u00f3n de Agua del Estado de Veracruz (CAEV) protestaron afuera de las instalaciones de la oficina operadora de Poza Rica, exigen el pago de prestaciones como: aguinaldo y fondos de ahorros, son m\u00e1s de 300 los afectados que tienen m\u00e1s de tres meses esperando que les hagan efectivos los pagos. El [&hellip;]<\/p>\n","protected":false},"author":6,"featured_media":166407,"comment_status":"open","ping_status":"open","sticky":false,"template":"","format":"standard","meta":{"footnotes":""},"categories":[213],"tags":[],"class_list":{"0":"post-166406","1":"post","2":"type-post","3":"status-publish","4":"format-standard","5":"has-post-thumbnail","7":"category-poza-rica"},"nelio_content":{"isAutoShareEnabled":true,"autoShareEndMode":"never","automationSources":{"useCustomSentences":false,"customSentences":[]},"followers":[],"suggestedReferences":[],"efiUrl":"","efiAlt":"","highlights":[],"permalinkQueryArgs":[],"series":[]},"_links":{"self":[{"href":"https:\/\/www.enteratever.com\/2023\/wp-json\/wp\/v2\/posts\/166406","targetHints":{"allow":["GET"]}}],"collection":[{"href":"https:\/\/www.enteratever.com\/2023\/wp-json\/wp\/v2\/posts"}],"about":[{"href":"https:\/\/www.enteratever.com\/2023\/wp-json\/wp\/v2\/types\/post"}],"author":[{"embeddable":true,"href":"https:\/\/www.enteratever.com\/2023\/wp-json\/wp\/v2\/users\/6"}],"replies":[{"embeddable":true,"href":"https:\/\/www.enteratever.com\/2023\/wp-json\/wp\/v2\/comments?post=166406"}],"version-history":[{"count":0,"href":"https:\/\/www.enteratever.com\/2023\/wp-json\/wp\/v2\/posts\/166406\/revisions"}],"wp:featuredmedia":[{"embeddable":true,"href":"https:\/\/www.enteratever.com\/2023\/wp-json\/wp\/v2\/media\/166407"}],"wp:attachment":[{"href":"https:\/\/www.enteratever.com\/2023\/wp-json\/wp\/v2\/media?parent=166406"}],"wp:term":[{"taxonomy":"category","embeddable":true,"href":"https:\/\/www.enteratever.com\/2023\/wp-json\/wp\/v2\/categories?post=166406"},{"taxonomy":"post_tag","embeddable":true,"href":"https:\/\/www.enteratever.com\/2023\/wp-json\/wp\/v2\/tags?post=166406"}],"curies":[{"name":"wp","href":"https:\/\/api.w.org\/{rel}","templated":true}]}}