{"id":166364,"date":"2019-02-05T19:00:17","date_gmt":"2019-02-05T19:00:17","guid":{"rendered":"https:\/\/www.enteratever.com\/2023\/inversion-millonaria-de-ado-sera-realizada-por-empresas-foraneas\/"},"modified":"2019-02-05T19:00:17","modified_gmt":"2019-02-05T19:00:17","slug":"inversion-millonaria-de-ado-sera-realizada-por-empresas-foraneas","status":"publish","type":"post","link":"https:\/\/www.enteratever.com\/2023\/2019\/02\/05\/inversion-millonaria-de-ado-sera-realizada-por-empresas-foraneas\/","title":{"rendered":"Inversi\u00f3n millonaria de ADO ser\u00e1 realizada por empresas for\u00e1neas"},"content":{"rendered":"<p>Visitas: 94<\/p><p style=\"text-align: justify;\">Proyecto de ADO debe ser ejecutado por sindicatos locales y no for\u00e1neos, se\u00f1al\u00f3 \u00d3scar Ch\u00e1vez, qui\u00e9n es l\u00edder materialista adheridos a la Confederaci\u00f3n Nacional Campesina (CNC), enfatiz\u00f3 que se habla de inversiones para Poza Rica pero se le dar\u00eda el trabajo a sindicatos nacionales.<\/p>\n<p style=\"text-align: justify;\">Cabe hacer menci\u00f3n que en sesi\u00f3n de cabildo se aprob\u00f3 el pasado mes de enero cambio de uso de suelo en Avenida Puebla s\/n, Col. Palma Sola, solicitado por parte de Puerta Poza Rica S.A. de C.V., a fin de establecer una Central de Autobuses provisional ADO,\u00a0locales comerciales, mensajer\u00eda y restaurantes.<\/p>\n<p style=\"text-align: justify;\">La obra de acuerdo a los inversionistas se efectuar\u00e1 en un periodo de cuatro meses a partir de su inicio y tendr\u00e1 una inversi\u00f3n de $ 26 millones de pesos; pero forma parte de un proyecto magno de inversi\u00f3n en materia de transporte y desarrollo comercial, que se prev\u00e9 efectuar durante los siguientes dos a\u00f1os a partir de la conclusi\u00f3n de la Central Provisional, que representar\u00e1 una inversi\u00f3n de 250 millones de pesos, con lo que se generar\u00e1n fuentes de empleo para Poza Rica, esta informaci\u00f3n fue dada a conocer cuando se present\u00f3 dicho proyecto.<\/p>\n<p style=\"text-align: justify;\">Sin embargo, el l\u00edder materialista enfatiz\u00f3 que en la obra que se va a construir en la central camionera, se ha dicho que van a venir sindicatos nacionales \u00d3scar Ch\u00e1vez, esto no puede ser as\u00ed porque el trabajo est\u00e1 en Poza Rica y pertenece a sindicatos locales y de Veracruz, por lo que pidi\u00f3 que sean tomados en cuenta los sindicatos.<\/p>\n<p style=\"text-align: justify;\">\u201cEstamos tratando de no ser desplazados y ser tomados en cuenta, algunos municipios nos toman en cuenta otro no nos han tomando en cuenta\u201d, dijo Edson de Jes\u00fas Andrade Reyes, dirigente de la Confederaci\u00f3n Revolucionaria Obrera y Campesina (CROC)<\/p>\n<p style=\"text-align: justify;\">En el caso de la jurisdicci\u00f3n de la CROC que abarca los municipios de Poza Rica y Coatzintla, no se han realizado trabajos en entrevista a\u00f1adi\u00f3 lo siguiente: \u201cEn Poza Rica no traemos ning\u00fan trabajo con respecto las obras de infraestructura que estall\u00f3 haciendo, que tampoco tienen mucho que ver con los acarreos, en Coatzintla hemos trabajando un poco\u201d.<\/p>\n<p style=\"text-align: justify;\">En Tihuatl\u00e1n, han dado obra, enfatiz\u00f3 que no se trata de ver al pasado, se trata de ver el presente que las autoridades y las empresas privadas tomen en cuenta a los sindicatos locales que realizan el acarreo de materiales en la zona norte, para que de esta forma los trabajadores de la zona se van beneficiados con las obras que puedan desarrollarse en la regi\u00f3n.<\/p>\n<p style=\"text-align: justify;\">Reconocieron que las empresas que les deben estar pagando poco a poco, por la falta de organizaci\u00f3n las empresas se aprovechaban de los trabajadores locales, hoy en d\u00eda los sindicatos est\u00e1n unidos para que no vuelva a pasar los mismo.<\/p>\n","protected":false},"excerpt":{"rendered":"<p>Visitas: 94Proyecto de ADO debe ser ejecutado por sindicatos locales y no for\u00e1neos, se\u00f1al\u00f3 \u00d3scar Ch\u00e1vez, qui\u00e9n es l\u00edder materialista adheridos a la Confederaci\u00f3n Nacional Campesina (CNC), enfatiz\u00f3 que se habla de inversiones para Poza Rica pero se le dar\u00eda el trabajo a sindicatos nacionales. Cabe hacer menci\u00f3n que en sesi\u00f3n de cabildo se aprob\u00f3 [&hellip;]<\/p>\n","protected":false},"author":6,"featured_media":166365,"comment_status":"open","ping_status":"open","sticky":false,"template":"","format":"standard","meta":{"footnotes":""},"categories":[213],"tags":[],"class_list":{"0":"post-166364","1":"post","2":"type-post","3":"status-publish","4":"format-standard","5":"has-post-thumbnail","7":"category-poza-rica"},"nelio_content":{"isAutoShareEnabled":true,"autoShareEndMode":"never","automationSources":{"useCustomSentences":false,"customSentences":[]},"followers":[],"suggestedReferences":[],"efiUrl":"","efiAlt":"","highlights":[],"permalinkQueryArgs":[],"series":[]},"_links":{"self":[{"href":"https:\/\/www.enteratever.com\/2023\/wp-json\/wp\/v2\/posts\/166364","targetHints":{"allow":["GET"]}}],"collection":[{"href":"https:\/\/www.enteratever.com\/2023\/wp-json\/wp\/v2\/posts"}],"about":[{"href":"https:\/\/www.enteratever.com\/2023\/wp-json\/wp\/v2\/types\/post"}],"author":[{"embeddable":true,"href":"https:\/\/www.enteratever.com\/2023\/wp-json\/wp\/v2\/users\/6"}],"replies":[{"embeddable":true,"href":"https:\/\/www.enteratever.com\/2023\/wp-json\/wp\/v2\/comments?post=166364"}],"version-history":[{"count":0,"href":"https:\/\/www.enteratever.com\/2023\/wp-json\/wp\/v2\/posts\/166364\/revisions"}],"wp:featuredmedia":[{"embeddable":true,"href":"https:\/\/www.enteratever.com\/2023\/wp-json\/wp\/v2\/media\/166365"}],"wp:attachment":[{"href":"https:\/\/www.enteratever.com\/2023\/wp-json\/wp\/v2\/media?parent=166364"}],"wp:term":[{"taxonomy":"category","embeddable":true,"href":"https:\/\/www.enteratever.com\/2023\/wp-json\/wp\/v2\/categories?post=166364"},{"taxonomy":"post_tag","embeddable":true,"href":"https:\/\/www.enteratever.com\/2023\/wp-json\/wp\/v2\/tags?post=166364"}],"curies":[{"name":"wp","href":"https:\/\/api.w.org\/{rel}","templated":true}]}}