{"id":166356,"date":"2019-02-05T04:15:39","date_gmt":"2019-02-05T04:15:39","guid":{"rendered":"https:\/\/www.enteratever.com\/2023\/uv-busca-incrementar-su-matricula-cada-ano-alanis\/"},"modified":"2019-02-05T04:15:39","modified_gmt":"2019-02-05T04:15:39","slug":"uv-busca-incrementar-su-matricula-cada-ano-alanis","status":"publish","type":"post","link":"https:\/\/www.enteratever.com\/2023\/2019\/02\/05\/uv-busca-incrementar-su-matricula-cada-ano-alanis\/","title":{"rendered":"UV busca incrementar su matr\u00edcula cada a\u00f1o: Alan\u00eds"},"content":{"rendered":"<p>Visitas: 2<\/p><p style=\"text-align: justify;\">Universidad Veracruzana (UV) publicar\u00e1 en los pr\u00f3ximos d\u00edas el primer aviso de la oferta educativa para el examen de ingreso a la licenciatura y TSU 2019, cada a\u00f1o crece la demanda por parte de los alumnos, pero la casa de estudios tambi\u00e9n incrementa su matr\u00edcula, inform\u00f3 Jos\u00e9 Luis Alan\u00eds M\u00e9ndez, vicerrector de la regi\u00f3n Poza Rica- Tuxpan.<\/p>\n<p style=\"text-align: justify;\">Explic\u00f3 que ya saldr\u00e1 un primer aviso para que todos los j\u00f3venes aspirantes que deseen ingresar a la Universidad Veracruzana, este atentos al portal porque el 28 de febrero aproximadamente puedan hacer su preinscripci\u00f3n de forma digital.<\/p>\n<p style=\"text-align: justify;\">El proceso es muy amigable, los alumnos interesados deben de hacer su preinscripci\u00f3n, posterior a esto deben de realizar su examen para ingresar a uno de los programas educativos que se ofrecen en la regi\u00f3n, incluso en toda la universidad, el diagn\u00f3stico se realiza en el mes de mayo.<\/p>\n<p style=\"text-align: justify;\">Los alumnos que aspiran a las carreras de esta regi\u00f3n o de alguna otra pueden realizarlo en la zona que lo deseen, el examen es solo la preselecci\u00f3n, la inscripci\u00f3n se realiza en el lugar en donde van a cursar su programa educativo.<\/p>\n<p style=\"text-align: justify;\">Recalc\u00f3 que la Universidad Veracruzana tienen una gran demanda por parte de los educandos porque cuenta con un gran n\u00famero de programa acreditados, sostuvo que la casa de estudios se encuentra por arriba de la media nacional en cobertura que es de 32 a 35 por ciento, el a\u00f1o pasado se tuvo el 40 por ciento en la UV.<\/p>\n<p style=\"text-align: justify;\">Los j\u00f3venes optan por diferentes universidades, la UV se encuentra bien posicionada en los los ranking porque se encuentra en el n\u00famero 20 de las m\u00e1s de 600 escuelas de educaci\u00f3n federal y estatal que existen a nivel nacional y tambi\u00e9n las particulares.<\/p>\n<p style=\"text-align: justify;\">En el 2018, fueron 2 mil 300 los alumnos de nuevo ingreso los que recibi\u00f3 la regi\u00f3n Poza Rica- Tuxpan, en total la casa de estudios en las cinco regiones recibi\u00f3 a m\u00e1s de 16 mil educandos a sus programas educativos.<\/p>\n","protected":false},"excerpt":{"rendered":"<p>Visitas: 2Universidad Veracruzana (UV) publicar\u00e1 en los pr\u00f3ximos d\u00edas el primer aviso de la oferta educativa para el examen de ingreso a la licenciatura y TSU 2019, cada a\u00f1o crece la demanda por parte de los alumnos, pero la casa de estudios tambi\u00e9n incrementa su matr\u00edcula, inform\u00f3 Jos\u00e9 Luis Alan\u00eds M\u00e9ndez, vicerrector de la regi\u00f3n [&hellip;]<\/p>\n","protected":false},"author":6,"featured_media":166357,"comment_status":"open","ping_status":"open","sticky":false,"template":"","format":"standard","meta":{"footnotes":""},"categories":[213],"tags":[],"class_list":{"0":"post-166356","1":"post","2":"type-post","3":"status-publish","4":"format-standard","5":"has-post-thumbnail","7":"category-poza-rica"},"nelio_content":{"isAutoShareEnabled":true,"autoShareEndMode":"never","automationSources":{"useCustomSentences":false,"customSentences":[]},"followers":[],"suggestedReferences":[],"efiUrl":"","efiAlt":"","highlights":[],"permalinkQueryArgs":[],"series":[]},"_links":{"self":[{"href":"https:\/\/www.enteratever.com\/2023\/wp-json\/wp\/v2\/posts\/166356","targetHints":{"allow":["GET"]}}],"collection":[{"href":"https:\/\/www.enteratever.com\/2023\/wp-json\/wp\/v2\/posts"}],"about":[{"href":"https:\/\/www.enteratever.com\/2023\/wp-json\/wp\/v2\/types\/post"}],"author":[{"embeddable":true,"href":"https:\/\/www.enteratever.com\/2023\/wp-json\/wp\/v2\/users\/6"}],"replies":[{"embeddable":true,"href":"https:\/\/www.enteratever.com\/2023\/wp-json\/wp\/v2\/comments?post=166356"}],"version-history":[{"count":0,"href":"https:\/\/www.enteratever.com\/2023\/wp-json\/wp\/v2\/posts\/166356\/revisions"}],"wp:featuredmedia":[{"embeddable":true,"href":"https:\/\/www.enteratever.com\/2023\/wp-json\/wp\/v2\/media\/166357"}],"wp:attachment":[{"href":"https:\/\/www.enteratever.com\/2023\/wp-json\/wp\/v2\/media?parent=166356"}],"wp:term":[{"taxonomy":"category","embeddable":true,"href":"https:\/\/www.enteratever.com\/2023\/wp-json\/wp\/v2\/categories?post=166356"},{"taxonomy":"post_tag","embeddable":true,"href":"https:\/\/www.enteratever.com\/2023\/wp-json\/wp\/v2\/tags?post=166356"}],"curies":[{"name":"wp","href":"https:\/\/api.w.org\/{rel}","templated":true}]}}