{"id":166350,"date":"2019-02-01T16:12:20","date_gmt":"2019-02-01T16:12:20","guid":{"rendered":"https:\/\/www.enteratever.com\/2023\/hoteleros-esperan-repunte-durante-cumbre-tajin\/"},"modified":"2019-02-01T16:12:20","modified_gmt":"2019-02-01T16:12:20","slug":"hoteleros-esperan-repunte-durante-cumbre-tajin","status":"publish","type":"post","link":"https:\/\/www.enteratever.com\/2023\/2019\/02\/01\/hoteleros-esperan-repunte-durante-cumbre-tajin\/","title":{"rendered":"Hoteleros esperan repunte durante Cumbre Taj\u00edn"},"content":{"rendered":"<p>Visitas: 1<\/p><p style=\"text-align: justify;\">20 al 24 de marzo se llevar\u00e1 a cabo Cumbre Taj\u00edn hoteleros esperan un repunte significativo de un 70%, afirm\u00f3 Francisco Josu\u00e9 Elias Guevara, Presidente de la asociaci\u00f3n Mexicana de Hoteles y Moteles de la zona norte.<\/p>\n<p style=\"text-align: justify;\">Los hoteleros se encuentran haciendo gestiones ante el gobierno del estado para que se retome el evento Taj\u00edn Vive.<\/p>\n<p style=\"text-align: justify;\">Cabe hacer menci\u00f3n que ya circula a trav\u00e9s de redes sociales una cartelera falsa en la que se dan a conocer nombre de diversos artistas que de supone estar\u00e1n en esta Cumbre Taj\u00edn, sin embargo esta ya fue desmentida la publicaci\u00f3n por la cuenta oficial de Cumbre Taj\u00edn en la cual se se\u00f1ala que ser\u00e1 el 7 de febrero cuando se de a conocer la programaci\u00f3n y los artistas que participar\u00e1n en la edici\u00f3n de este a\u00f1o.<\/p>\n","protected":false},"excerpt":{"rendered":"<p>Visitas: 120 al 24 de marzo se llevar\u00e1 a cabo Cumbre Taj\u00edn hoteleros esperan un repunte significativo de un 70%, afirm\u00f3 Francisco Josu\u00e9 Elias Guevara, Presidente de la asociaci\u00f3n Mexicana de Hoteles y Moteles de la zona norte. Los hoteleros se encuentran haciendo gestiones ante el gobierno del estado para que se retome el evento [&hellip;]<\/p>\n","protected":false},"author":6,"featured_media":166351,"comment_status":"open","ping_status":"open","sticky":false,"template":"","format":"standard","meta":{"footnotes":""},"categories":[213],"tags":[],"class_list":{"0":"post-166350","1":"post","2":"type-post","3":"status-publish","4":"format-standard","5":"has-post-thumbnail","7":"category-poza-rica"},"nelio_content":{"isAutoShareEnabled":true,"autoShareEndMode":"never","automationSources":{"useCustomSentences":false,"customSentences":[]},"followers":[],"suggestedReferences":[],"efiUrl":"","efiAlt":"","highlights":[],"permalinkQueryArgs":[],"series":[]},"_links":{"self":[{"href":"https:\/\/www.enteratever.com\/2023\/wp-json\/wp\/v2\/posts\/166350","targetHints":{"allow":["GET"]}}],"collection":[{"href":"https:\/\/www.enteratever.com\/2023\/wp-json\/wp\/v2\/posts"}],"about":[{"href":"https:\/\/www.enteratever.com\/2023\/wp-json\/wp\/v2\/types\/post"}],"author":[{"embeddable":true,"href":"https:\/\/www.enteratever.com\/2023\/wp-json\/wp\/v2\/users\/6"}],"replies":[{"embeddable":true,"href":"https:\/\/www.enteratever.com\/2023\/wp-json\/wp\/v2\/comments?post=166350"}],"version-history":[{"count":0,"href":"https:\/\/www.enteratever.com\/2023\/wp-json\/wp\/v2\/posts\/166350\/revisions"}],"wp:featuredmedia":[{"embeddable":true,"href":"https:\/\/www.enteratever.com\/2023\/wp-json\/wp\/v2\/media\/166351"}],"wp:attachment":[{"href":"https:\/\/www.enteratever.com\/2023\/wp-json\/wp\/v2\/media?parent=166350"}],"wp:term":[{"taxonomy":"category","embeddable":true,"href":"https:\/\/www.enteratever.com\/2023\/wp-json\/wp\/v2\/categories?post=166350"},{"taxonomy":"post_tag","embeddable":true,"href":"https:\/\/www.enteratever.com\/2023\/wp-json\/wp\/v2\/tags?post=166350"}],"curies":[{"name":"wp","href":"https:\/\/api.w.org\/{rel}","templated":true}]}}