{"id":166342,"date":"2019-01-30T18:36:38","date_gmt":"2019-01-30T18:36:38","guid":{"rendered":"https:\/\/www.enteratever.com\/2023\/reubican-a-taxistas-del-primer-cuadro-de-la-ciudad\/"},"modified":"2019-01-30T18:36:38","modified_gmt":"2019-01-30T18:36:38","slug":"reubican-a-taxistas-del-primer-cuadro-de-la-ciudad","status":"publish","type":"post","link":"https:\/\/www.enteratever.com\/2023\/2019\/01\/30\/reubican-a-taxistas-del-primer-cuadro-de-la-ciudad\/","title":{"rendered":"Reubican a taxistas del primer cuadro de la ciudad"},"content":{"rendered":"<p>Visitas: 1<\/p><p style=\"text-align: justify;\">Reubican a taxistas del primer cuadro de la ciudad, los trabajdores de diversos sitios fueron movidos de sus bases habituales, mismas en las que tienen 10 a\u00f1os establecidos, esto para despejar el primer cuadro de la ciudad, Joel Santos, quien es trabajador del volante, se\u00f1al\u00f3 que esta situaci\u00f3n les afecta en su econom\u00eda, tambi\u00e9n se ven perjudicados los usuarios.<\/p>\n<p style=\"text-align: justify;\">La situaci\u00f3n gener\u00f3 inconformidad por parte de los trabajadores del volante, quienes afirman que no se oponen a los cambios que est\u00e1n efectuando las autoridades de Tr\u00e1nsito y Vialidad, pero sostuvieron que fue sorpresiva la reubicaci\u00f3n y el punto al cual los pretenden mover no les favorece.<\/p>\n<p style=\"text-align: justify;\">La situaci\u00f3n gener\u00f3 que los taxistas de la ruta 20 de Noviembre dejaran sus unidades para presentarse en el ayuntamiento de Poza Rica y solicitar una reuni\u00f3n con las autoridades, los inconformes que desde hace m\u00e1s de 10 a\u00f1os ten\u00edan su sitio en la calle Heroico Colegio Militar, fueron reubicados a la calle Berm\u00fadez de la colonia Taj\u00edn, son 200 los que trabajan en esta ruta.<\/p>\n<p style=\"text-align: justify;\">\u201cEstamos pidiendo que nos reubiquen un poco m\u00e1s ac\u00e1 no estamos estorbando, no entorpecemos la vialidad, sin previo aviso nos reubicaron, la ciudadan\u00eda no puede caminar hasta all\u00e1, m\u00e1s en la noche que es una zona en donde hay prostituci\u00f3n, drogadicci\u00f3n y robos al transeunte\u201d, dijo.<\/p>\n<p style=\"text-align: justify;\">Los taxistas se\u00f1alan que las autoridades los est\u00e1n acomodando a ellos, sin embargo, los espacios que utilizaban no estar\u00e1n vac\u00edos ser\u00e1n ocupados por los veh\u00edculos de los comerciantes.<\/p>\n<p style=\"text-align: justify;\">Fue Eloy N\u00fa\u00f1ez Le\u00f3n, Regidor comisionado en el \u00e1rea quien dialog\u00f3 con inconformes, al terminar la reuni\u00f3n coment\u00f3 que se lleg\u00f3 a un acuerdo que favorable para ambos, se\u00f1al\u00f3 que est\u00e1n buscando la conciliaci\u00f3n y no la confrontaci\u00f3n con los trabajos de reordenamiento.<\/p>\n<p style=\"text-align: justify;\">En entrevista el funcionario dijo que es importante erradicar el c\u00e1ncer que existe en el primer cuadro de la ciudad en donde se tienen un desorden vial, las reubicaciones de las rutas continuar\u00e1n, advirti\u00f3.<\/p>\n<p style=\"text-align: justify;\">A\u00f1adi\u00f3 que tambi\u00e9n con estos trabajos se ha logrado escuchar las peticiones de los taxistas, en el caso de los que ofrecen el transporte colectivo Poza Rica-Coatzintla solicitan mejoras en el alumbrado p\u00fablico, bacheo y tambi\u00e9n pidieron un tope peatonal \u201cesas peticiones se las tenemos que cumplir porque sino se van a enojar y van a volver a donde estaban\u201d.<\/p>\n","protected":false},"excerpt":{"rendered":"<p>Visitas: 1Reubican a taxistas del primer cuadro de la ciudad, los trabajdores de diversos sitios fueron movidos de sus bases habituales, mismas en las que tienen 10 a\u00f1os establecidos, esto para despejar el primer cuadro de la ciudad, Joel Santos, quien es trabajador del volante, se\u00f1al\u00f3 que esta situaci\u00f3n les afecta en su econom\u00eda, tambi\u00e9n [&hellip;]<\/p>\n","protected":false},"author":6,"featured_media":166343,"comment_status":"open","ping_status":"open","sticky":false,"template":"","format":"standard","meta":{"footnotes":""},"categories":[213],"tags":[],"class_list":{"0":"post-166342","1":"post","2":"type-post","3":"status-publish","4":"format-standard","5":"has-post-thumbnail","7":"category-poza-rica"},"nelio_content":{"isAutoShareEnabled":true,"autoShareEndMode":"never","automationSources":{"useCustomSentences":false,"customSentences":[]},"followers":[],"suggestedReferences":[],"efiUrl":"","efiAlt":"","highlights":[],"permalinkQueryArgs":[],"series":[]},"_links":{"self":[{"href":"https:\/\/www.enteratever.com\/2023\/wp-json\/wp\/v2\/posts\/166342","targetHints":{"allow":["GET"]}}],"collection":[{"href":"https:\/\/www.enteratever.com\/2023\/wp-json\/wp\/v2\/posts"}],"about":[{"href":"https:\/\/www.enteratever.com\/2023\/wp-json\/wp\/v2\/types\/post"}],"author":[{"embeddable":true,"href":"https:\/\/www.enteratever.com\/2023\/wp-json\/wp\/v2\/users\/6"}],"replies":[{"embeddable":true,"href":"https:\/\/www.enteratever.com\/2023\/wp-json\/wp\/v2\/comments?post=166342"}],"version-history":[{"count":0,"href":"https:\/\/www.enteratever.com\/2023\/wp-json\/wp\/v2\/posts\/166342\/revisions"}],"wp:featuredmedia":[{"embeddable":true,"href":"https:\/\/www.enteratever.com\/2023\/wp-json\/wp\/v2\/media\/166343"}],"wp:attachment":[{"href":"https:\/\/www.enteratever.com\/2023\/wp-json\/wp\/v2\/media?parent=166342"}],"wp:term":[{"taxonomy":"category","embeddable":true,"href":"https:\/\/www.enteratever.com\/2023\/wp-json\/wp\/v2\/categories?post=166342"},{"taxonomy":"post_tag","embeddable":true,"href":"https:\/\/www.enteratever.com\/2023\/wp-json\/wp\/v2\/tags?post=166342"}],"curies":[{"name":"wp","href":"https:\/\/api.w.org\/{rel}","templated":true}]}}