{"id":166340,"date":"2019-01-28T07:00:33","date_gmt":"2019-01-28T07:00:33","guid":{"rendered":"https:\/\/www.enteratever.com\/2023\/20-anos-ha-estado-en-el-olvido-escuela-primaria-sor-juana-ines-de-la-cruz\/"},"modified":"2019-01-28T07:00:33","modified_gmt":"2019-01-28T07:00:33","slug":"20-anos-ha-estado-en-el-olvido-escuela-primaria-sor-juana-ines-de-la-cruz","status":"publish","type":"post","link":"https:\/\/www.enteratever.com\/2023\/2019\/01\/28\/20-anos-ha-estado-en-el-olvido-escuela-primaria-sor-juana-ines-de-la-cruz\/","title":{"rendered":"20 a\u00f1os ha estado en el olvido Escuela Primaria \u00abSor Juana In\u00e9s de la Cruz\u00bb"},"content":{"rendered":"<p>Visitas: 2<\/p><p style=\"text-align: justify;\">Durante m\u00e1s de 20 a\u00f1os ha estado en el olvido la Escuela Primaria Sor Juana In\u00e9s de la Cruz, ubicada en el Sector Popular de Poza Rica, las necesidades mas apremientes son: un domo escolar, rehabilitaci\u00f3n de los ba\u00f1os y una barda perimetral, asi lo dio a conocer uli\u00e1n Javier Quiroz Gallegos, Director del Plantel Educativo.<\/p>\n<p style=\"text-align: justify;\">La escuela alberga a 70 alumnos, la matr\u00edcula ha crecido \u201cyo les digo a los padres de familia que no poierdan la esperanza que sigamos tocando puertas en el Ayuntamiento de Poza Rica\u201d.<\/p>\n<p style=\"text-align: justify;\">Los ba\u00f1os son una de las prioriodades, la situaci\u00f3n preocupa a los padres de familia y a los maetsros, se encuentran cuarteados, el techo requiere impermiabilizaci\u00f3n; por las inclemencias del tiempo tambi\u00e9n es necesario un domo para realizar actividades fisicas y culturales.<\/p>\n<p style=\"text-align: justify;\">Asi mismo se necesita un muro de contenci\u00f3n, los padres de familia han tenido que improvizar con l\u00e1minas porque se ha estado deslabando el terreno. La escuela tiene 25 a\u00f1os prestando el servicio, es la \u00fanica que se encuentra activa en el Sector Popular que es uno de los mas marginados que existe en la ciudad.<\/p>\n<p style=\"text-align: justify;\">Hizo un llamado al alcalde de Poza Rica, Francisco Javier Vel\u00e1zquez Vallejo para que no se olvide de la escuela ni de los peque\u00f1os que en ella se estan educando pese a las carencias que existen.<\/p>\n","protected":false},"excerpt":{"rendered":"<p>Visitas: 2Durante m\u00e1s de 20 a\u00f1os ha estado en el olvido la Escuela Primaria Sor Juana In\u00e9s de la Cruz, ubicada en el Sector Popular de Poza Rica, las necesidades mas apremientes son: un domo escolar, rehabilitaci\u00f3n de los ba\u00f1os y una barda perimetral, asi lo dio a conocer uli\u00e1n Javier Quiroz Gallegos, Director del [&hellip;]<\/p>\n","protected":false},"author":6,"featured_media":166341,"comment_status":"open","ping_status":"open","sticky":false,"template":"","format":"standard","meta":{"footnotes":""},"categories":[213],"tags":[],"class_list":{"0":"post-166340","1":"post","2":"type-post","3":"status-publish","4":"format-standard","5":"has-post-thumbnail","7":"category-poza-rica"},"nelio_content":{"isAutoShareEnabled":true,"autoShareEndMode":"never","automationSources":{"useCustomSentences":false,"customSentences":[]},"followers":[],"suggestedReferences":[],"efiUrl":"","efiAlt":"","highlights":[],"permalinkQueryArgs":[],"series":[]},"_links":{"self":[{"href":"https:\/\/www.enteratever.com\/2023\/wp-json\/wp\/v2\/posts\/166340","targetHints":{"allow":["GET"]}}],"collection":[{"href":"https:\/\/www.enteratever.com\/2023\/wp-json\/wp\/v2\/posts"}],"about":[{"href":"https:\/\/www.enteratever.com\/2023\/wp-json\/wp\/v2\/types\/post"}],"author":[{"embeddable":true,"href":"https:\/\/www.enteratever.com\/2023\/wp-json\/wp\/v2\/users\/6"}],"replies":[{"embeddable":true,"href":"https:\/\/www.enteratever.com\/2023\/wp-json\/wp\/v2\/comments?post=166340"}],"version-history":[{"count":0,"href":"https:\/\/www.enteratever.com\/2023\/wp-json\/wp\/v2\/posts\/166340\/revisions"}],"wp:featuredmedia":[{"embeddable":true,"href":"https:\/\/www.enteratever.com\/2023\/wp-json\/wp\/v2\/media\/166341"}],"wp:attachment":[{"href":"https:\/\/www.enteratever.com\/2023\/wp-json\/wp\/v2\/media?parent=166340"}],"wp:term":[{"taxonomy":"category","embeddable":true,"href":"https:\/\/www.enteratever.com\/2023\/wp-json\/wp\/v2\/categories?post=166340"},{"taxonomy":"post_tag","embeddable":true,"href":"https:\/\/www.enteratever.com\/2023\/wp-json\/wp\/v2\/tags?post=166340"}],"curies":[{"name":"wp","href":"https:\/\/api.w.org\/{rel}","templated":true}]}}