{"id":166330,"date":"2019-01-24T17:02:00","date_gmt":"2019-01-24T17:02:00","guid":{"rendered":"https:\/\/www.enteratever.com\/2023\/materialistas-piden-al-gobierno-del-estado-no-ser-desplazados-por-empresas-foraneas\/"},"modified":"2019-01-24T17:02:00","modified_gmt":"2019-01-24T17:02:00","slug":"materialistas-piden-al-gobierno-del-estado-no-ser-desplazados-por-empresas-foraneas","status":"publish","type":"post","link":"https:\/\/www.enteratever.com\/2023\/2019\/01\/24\/materialistas-piden-al-gobierno-del-estado-no-ser-desplazados-por-empresas-foraneas\/","title":{"rendered":"Materialistas piden al Gobierno del Estado no ser desplazados por empresas for\u00e1neas"},"content":{"rendered":"<p>Visitas: 3<\/p><p style=\"text-align: justify;\">Materialistas de la zona norte de Veracruz piden al Gobierno Estatal no ser desplazados por empresas de otros estados como ha ocurrido en a\u00f1os anteriores, los representantes de los sindicatos CNC, CNOP, CROC y CTM, suman fuerzas para hacer esta petici\u00f3n al gobierno.<\/p>\n<p style=\"text-align: justify;\">En rueda de prensa Edson de Jes\u00fas Andrade Reyes, l\u00edder de los materialistas de la CROC explic\u00f3 que lamentablemente en las obras muchas veces no se toma en cuenta a los empresarios de esta zona, en la actual administraci\u00f3n de Cuitl\u00e1huac Garc\u00eda Jim\u00e9nez , Gobernador del Estado espera que esto no ocurra, a la fecha dijo los proyectos que se est\u00e1n desarrollando est\u00e1n siendo ejecutados con mano de obra local.<\/p>\n<p style=\"text-align: justify;\">Explic\u00f3 que siempre cuando existen trabajo en la regi\u00f3n algunas empresa contratan a sindicatos nacionales que vienen a desplazar a los trabajadores de la regi\u00f3n. \u201cLos sindicatos locales estamos trabajando de acuerdo, queremos que sean las empresas que aqu\u00ed existen sindicatos locales que podemos prestarle un buen servicio\u201d, agreg\u00f3.<\/p>\n<p style=\"text-align: justify;\">Con agrado dijo han visto que se est\u00e1n iniciando los trabajos del bulevar de Poza Rica al municipio de Coatzintla, estas obras generan econom\u00eda en beneficio de todos, es un kil\u00f3metro de concreto hidr\u00e1ulico. Los sindicatos han estado platicando con Fernando El\u00edas, Subsecretario de Infraestructura sobre los proyectos para la zona\u201cnecesitamos que nuestras autoridades en el caso del gobierno del estado, municipal y federal pongan los ojos en esta zona para que podamos generar mejores condiciones de vida y se est\u00e1 logrando lo tenemos que reconocer\u201d.<\/p>\n<p style=\"text-align: justify;\">En la regi\u00f3n son en promedio 250 socios los que se encuentran afiliados a los diversos sindicatos de materialistas de la regi\u00f3n. Exhort\u00f3 a las empresas que van a ejecutar dichas obras para que no quieran sorprender a los trabajadores de esta zona, al tratar a sindicatos nacionales, deben de contratar a los locales y la mano de obra de la regi\u00f3n, \u201csabemos que hemos sido muy castigados, estamos empezando el a\u00f1o con trabajo, el a\u00f1o pasado fue un a\u00f1o muy complicado y dif\u00edcil para todos\u201d, dijo.<\/p>\n<p style=\"text-align: justify;\">\u00d3scar Ch\u00e1vez Hern\u00e1ndez, representante de los materialistas de la CNC enfatiz\u00f3 que las empresas deben de saber que existen sindicatos locales, \u201csomos sindicatos legalmente constituidos ante la Secretar\u00eda del Trabajo, estamos a la orden de las compa\u00f1\u00edas, tienen que contar a sindicatos locales\u201d. En la rueda de prensa tambi\u00e9n estuvo presente El\u00edas Dom\u00ednguez, l\u00edder de la CTM quien dijo se esperan que se paguen los precios justos porque en ocasiones los sindicatos for\u00e1neos malbaratan el trabajo.<\/p>\n","protected":false},"excerpt":{"rendered":"<p>Visitas: 3Materialistas de la zona norte de Veracruz piden al Gobierno Estatal no ser desplazados por empresas de otros estados como ha ocurrido en a\u00f1os anteriores, los representantes de los sindicatos CNC, CNOP, CROC y CTM, suman fuerzas para hacer esta petici\u00f3n al gobierno. En rueda de prensa Edson de Jes\u00fas Andrade Reyes, l\u00edder de [&hellip;]<\/p>\n","protected":false},"author":6,"featured_media":166331,"comment_status":"open","ping_status":"open","sticky":false,"template":"","format":"standard","meta":{"footnotes":""},"categories":[213],"tags":[],"class_list":{"0":"post-166330","1":"post","2":"type-post","3":"status-publish","4":"format-standard","5":"has-post-thumbnail","7":"category-poza-rica"},"nelio_content":{"isAutoShareEnabled":true,"autoShareEndMode":"never","automationSources":{"useCustomSentences":false,"customSentences":[]},"followers":[],"suggestedReferences":[],"efiUrl":"","efiAlt":"","highlights":[],"permalinkQueryArgs":[],"series":[]},"_links":{"self":[{"href":"https:\/\/www.enteratever.com\/2023\/wp-json\/wp\/v2\/posts\/166330","targetHints":{"allow":["GET"]}}],"collection":[{"href":"https:\/\/www.enteratever.com\/2023\/wp-json\/wp\/v2\/posts"}],"about":[{"href":"https:\/\/www.enteratever.com\/2023\/wp-json\/wp\/v2\/types\/post"}],"author":[{"embeddable":true,"href":"https:\/\/www.enteratever.com\/2023\/wp-json\/wp\/v2\/users\/6"}],"replies":[{"embeddable":true,"href":"https:\/\/www.enteratever.com\/2023\/wp-json\/wp\/v2\/comments?post=166330"}],"version-history":[{"count":0,"href":"https:\/\/www.enteratever.com\/2023\/wp-json\/wp\/v2\/posts\/166330\/revisions"}],"wp:featuredmedia":[{"embeddable":true,"href":"https:\/\/www.enteratever.com\/2023\/wp-json\/wp\/v2\/media\/166331"}],"wp:attachment":[{"href":"https:\/\/www.enteratever.com\/2023\/wp-json\/wp\/v2\/media?parent=166330"}],"wp:term":[{"taxonomy":"category","embeddable":true,"href":"https:\/\/www.enteratever.com\/2023\/wp-json\/wp\/v2\/categories?post=166330"},{"taxonomy":"post_tag","embeddable":true,"href":"https:\/\/www.enteratever.com\/2023\/wp-json\/wp\/v2\/tags?post=166330"}],"curies":[{"name":"wp","href":"https:\/\/api.w.org\/{rel}","templated":true}]}}