{"id":166322,"date":"2019-01-21T20:00:00","date_gmt":"2019-01-21T20:00:00","guid":{"rendered":"https:\/\/www.enteratever.com\/2023\/desconoce-alcalde-de-poza-rica-que-pasara-con-fondos-metropolitanos\/"},"modified":"2019-01-21T20:00:00","modified_gmt":"2019-01-21T20:00:00","slug":"desconoce-alcalde-de-poza-rica-que-pasara-con-fondos-metropolitanos","status":"publish","type":"post","link":"https:\/\/www.enteratever.com\/2023\/2019\/01\/21\/desconoce-alcalde-de-poza-rica-que-pasara-con-fondos-metropolitanos\/","title":{"rendered":"Desconoce alcalde de Poza Rica qu\u00e9 pasar\u00e1 con Fondos Metropolitanos"},"content":{"rendered":"<p>Visitas: 1<\/p><p style=\"text-align: justify;\">Pese a que se mencion\u00f3 que las ocho zonas metropolitanas del estado pueden quedarse sin recursos federales durante este 2019, Francisco Javier Vel\u00e1zquez Vallejo, alcalde Poza Rica dijo desconocer esta situaci\u00f3n.<\/p>\n<p style=\"text-align: justify;\">Cabe hacer menci\u00f3n que en d\u00edas pasados la secretaria de la Comisi\u00f3n de Desarrollo Metropolitano en el Congreso Local, Florencia Mart\u00ednez fue quien en entrevista dijo que los recursos federales entregados en a\u00f1os pasados al Gobierno del Estado no se entregaron a los ayuntamientos por lo que estos no pudieron comprobar su uso.<\/p>\n<p style=\"text-align: justify;\">Vel\u00e1zquez Vallejo mencion\u00f3 que no ha podido platicar con los encargados del programa a nivel estatal, tampoco con Raquel Bonilla Herrera, Diputada Federal quienes se encuentran en la comisi\u00f3n de las zonas metropolitanas.<\/p>\n<p style=\"text-align: justify;\">\u201cDesconozco la nota que usted me da, pero en cuanto tenga la informaci\u00f3n oficial yo con mucho gusto les hago saber\u201d, dijo.<\/p>\n<p style=\"text-align: justify;\">Poza Rica est\u00e1 buscando recursos por parte de los fondos metropolitanos o de cualquier otro programas federales, todo lo que se apruebe o se asigne se tratar\u00e1 de aprovecharlo al m\u00e1ximo como se hizo en 2018.<\/p>\n<p style=\"text-align: justify;\">Con respecto a los recursos del 2018, se\u00f1al\u00f3 que de 154 millones se tendr\u00e1n que devolver 207 mil es m\u00ednima la partida que se tendr\u00e1 que regresar debido a que no fue utilizada en el ejercicio fiscal.<\/p>\n<p style=\"text-align: justify;\">\u201cRealmente es muy dif\u00edcil erogar la cantidad que se nos apruebe, no podemos rebasar, no podemos, tenemos prohibido rebasarla\u201d, agreg\u00f3.<\/p>\n<p style=\"text-align: justify;\">Explic\u00f3 que en 2018 se ejecut\u00f3 el 95 por ciento de los recursos que se dispuso para Poza Rica para el a\u00f1o pasado, porque fue dentro de la norma establecida.<\/p>\n","protected":false},"excerpt":{"rendered":"<p>Visitas: 1Pese a que se mencion\u00f3 que las ocho zonas metropolitanas del estado pueden quedarse sin recursos federales durante este 2019, Francisco Javier Vel\u00e1zquez Vallejo, alcalde Poza Rica dijo desconocer esta situaci\u00f3n. Cabe hacer menci\u00f3n que en d\u00edas pasados la secretaria de la Comisi\u00f3n de Desarrollo Metropolitano en el Congreso Local, Florencia Mart\u00ednez fue quien [&hellip;]<\/p>\n","protected":false},"author":6,"featured_media":166323,"comment_status":"open","ping_status":"open","sticky":false,"template":"","format":"standard","meta":{"footnotes":""},"categories":[213],"tags":[],"class_list":{"0":"post-166322","1":"post","2":"type-post","3":"status-publish","4":"format-standard","5":"has-post-thumbnail","7":"category-poza-rica"},"nelio_content":{"isAutoShareEnabled":true,"autoShareEndMode":"never","automationSources":{"useCustomSentences":false,"customSentences":[]},"followers":[],"suggestedReferences":[],"efiUrl":"","efiAlt":"","highlights":[],"permalinkQueryArgs":[],"series":[]},"_links":{"self":[{"href":"https:\/\/www.enteratever.com\/2023\/wp-json\/wp\/v2\/posts\/166322","targetHints":{"allow":["GET"]}}],"collection":[{"href":"https:\/\/www.enteratever.com\/2023\/wp-json\/wp\/v2\/posts"}],"about":[{"href":"https:\/\/www.enteratever.com\/2023\/wp-json\/wp\/v2\/types\/post"}],"author":[{"embeddable":true,"href":"https:\/\/www.enteratever.com\/2023\/wp-json\/wp\/v2\/users\/6"}],"replies":[{"embeddable":true,"href":"https:\/\/www.enteratever.com\/2023\/wp-json\/wp\/v2\/comments?post=166322"}],"version-history":[{"count":0,"href":"https:\/\/www.enteratever.com\/2023\/wp-json\/wp\/v2\/posts\/166322\/revisions"}],"wp:featuredmedia":[{"embeddable":true,"href":"https:\/\/www.enteratever.com\/2023\/wp-json\/wp\/v2\/media\/166323"}],"wp:attachment":[{"href":"https:\/\/www.enteratever.com\/2023\/wp-json\/wp\/v2\/media?parent=166322"}],"wp:term":[{"taxonomy":"category","embeddable":true,"href":"https:\/\/www.enteratever.com\/2023\/wp-json\/wp\/v2\/categories?post=166322"},{"taxonomy":"post_tag","embeddable":true,"href":"https:\/\/www.enteratever.com\/2023\/wp-json\/wp\/v2\/tags?post=166322"}],"curies":[{"name":"wp","href":"https:\/\/api.w.org\/{rel}","templated":true}]}}