{"id":166304,"date":"2019-01-15T16:59:59","date_gmt":"2019-01-15T16:59:59","guid":{"rendered":"https:\/\/www.enteratever.com\/2023\/disminuyen-tarifas-de-energia-electrica-hasta-en-un-30\/"},"modified":"2019-01-15T16:59:59","modified_gmt":"2019-01-15T16:59:59","slug":"disminuyen-tarifas-de-energia-electrica-hasta-en-un-30","status":"publish","type":"post","link":"https:\/\/www.enteratever.com\/2023\/2019\/01\/15\/disminuyen-tarifas-de-energia-electrica-hasta-en-un-30\/","title":{"rendered":"Disminuyen tarifas de energ\u00eda el\u00e9ctrica hasta en un 30 %"},"content":{"rendered":"<p>Visitas: 1<\/p><p style=\"text-align: justify;\">En Poza Rica han disminuido hasta en un 30 por ciento el pago de energ\u00eda el\u00e9ctrica, esto es de gran beneficio para los comerciantes, en 2018 el cobro era excesivo, Marcela Vicencio Galindo, secretaria del interior del Mercado Poza Rica.<\/p>\n<p style=\"text-align: justify;\">Cabe hacer menci\u00f3n que el a\u00f1o pasado se generaron un gran n\u00famero de quejas por esta situaci\u00f3n, los empresarios de la zona se\u00f1alaron que les estaban cobrando electricidad que no estaban consumiendo, esto motiv\u00f3 que se interpusieran quejas ante Procuradur\u00eda Federal del Consumidor (Profeco).<\/p>\n<p style=\"text-align: justify;\">Vicencio se\u00f1al\u00f3 que los locatarios aplauden las acciones que se est\u00e1n realizando por parte del gobierno federal para disminuir el cobro de energ\u00eda el\u00e9ctrica ya que les afecta considerablemente a los vendedores porque solo trabajaban para pagar el recibo de luz.<\/p>\n<p style=\"text-align: justify;\">Por otro lado, en cuanto a los incrementos en la canasta b\u00e1sica por el desabasto de combustible dijo que no existe alzas en Poza Rica, enfatiz\u00f3 que en caso de que la transportaci\u00f3n de estos se complique debido a la escasez podr\u00edan verse repercutido el precio de venta de estos.<\/p>\n","protected":false},"excerpt":{"rendered":"<p>Visitas: 1En Poza Rica han disminuido hasta en un 30 por ciento el pago de energ\u00eda el\u00e9ctrica, esto es de gran beneficio para los comerciantes, en 2018 el cobro era excesivo, Marcela Vicencio Galindo, secretaria del interior del Mercado Poza Rica. Cabe hacer menci\u00f3n que el a\u00f1o pasado se generaron un gran n\u00famero de quejas [&hellip;]<\/p>\n","protected":false},"author":6,"featured_media":166305,"comment_status":"open","ping_status":"open","sticky":false,"template":"","format":"standard","meta":{"footnotes":""},"categories":[213],"tags":[],"class_list":{"0":"post-166304","1":"post","2":"type-post","3":"status-publish","4":"format-standard","5":"has-post-thumbnail","7":"category-poza-rica"},"nelio_content":{"isAutoShareEnabled":true,"autoShareEndMode":"never","automationSources":{"useCustomSentences":false,"customSentences":[]},"followers":[],"suggestedReferences":[],"efiUrl":"","efiAlt":"","highlights":[],"permalinkQueryArgs":[],"series":[]},"_links":{"self":[{"href":"https:\/\/www.enteratever.com\/2023\/wp-json\/wp\/v2\/posts\/166304","targetHints":{"allow":["GET"]}}],"collection":[{"href":"https:\/\/www.enteratever.com\/2023\/wp-json\/wp\/v2\/posts"}],"about":[{"href":"https:\/\/www.enteratever.com\/2023\/wp-json\/wp\/v2\/types\/post"}],"author":[{"embeddable":true,"href":"https:\/\/www.enteratever.com\/2023\/wp-json\/wp\/v2\/users\/6"}],"replies":[{"embeddable":true,"href":"https:\/\/www.enteratever.com\/2023\/wp-json\/wp\/v2\/comments?post=166304"}],"version-history":[{"count":0,"href":"https:\/\/www.enteratever.com\/2023\/wp-json\/wp\/v2\/posts\/166304\/revisions"}],"wp:featuredmedia":[{"embeddable":true,"href":"https:\/\/www.enteratever.com\/2023\/wp-json\/wp\/v2\/media\/166305"}],"wp:attachment":[{"href":"https:\/\/www.enteratever.com\/2023\/wp-json\/wp\/v2\/media?parent=166304"}],"wp:term":[{"taxonomy":"category","embeddable":true,"href":"https:\/\/www.enteratever.com\/2023\/wp-json\/wp\/v2\/categories?post=166304"},{"taxonomy":"post_tag","embeddable":true,"href":"https:\/\/www.enteratever.com\/2023\/wp-json\/wp\/v2\/tags?post=166304"}],"curies":[{"name":"wp","href":"https:\/\/api.w.org\/{rel}","templated":true}]}}