{"id":166284,"date":"2019-01-10T04:34:12","date_gmt":"2019-01-10T04:34:12","guid":{"rendered":"https:\/\/www.enteratever.com\/2023\/autoridades-dan-espalda-a-ex-policias-de-poza-rica\/"},"modified":"2019-01-10T04:34:12","modified_gmt":"2019-01-10T04:34:12","slug":"autoridades-dan-espalda-a-ex-policias-de-poza-rica","status":"publish","type":"post","link":"https:\/\/www.enteratever.com\/2023\/2019\/01\/10\/autoridades-dan-espalda-a-ex-policias-de-poza-rica\/","title":{"rendered":"Autoridades dan espalda a ex polic\u00edas de Poza Rica"},"content":{"rendered":"<p>Visitas: 1<\/p><div dir=\"ltr\" style=\"text-align: justify;\">Despu\u00e9s de 5 a\u00f1os de haber sido despedidos ex polic\u00edas municipales siguen luchando por que otorgan los derechos como la pensi\u00f3n, esto por los m\u00e1s de 20 a\u00f1os de trabajo,\u00a0\u00a0Roberto Gonz\u00e1lez Ram\u00edrez, ex supervisor de la Polic\u00eda Intermunicipal Poza Rica-Tihuatl\u00e1n-Coatzintla (PIPTC), narr\u00f3 c\u00f3mo pese a que las autoridades han cerrado los ojos y han hecho o\u00eddos sordos frente a esta injusticia ellos contin\u00faan luchando por sus derechos.<\/div>\n<p style=\"text-align: justify;\">En entrevista explic\u00f3 que sus compa\u00f1eros y \u00e9l que perdi\u00f3 una extremidad han tenido que \u00absobrevivir\u00bb como han podido a lo largo de estos a\u00f1os, uno de sus compa\u00f1eros Jorge Emilio D\u00edaz, se encuentra en silla de ruedas, estuvo en la corporaci\u00f3n durante 20 a\u00f1os.<\/p>\n<p style=\"text-align: justify;\">\u00abResolvimos homicidios, robos, secuestros, el orgullo que tenemos es haber servido a nuestro pueblo y no habernos servido\u00bb, agreg\u00f3.<\/p>\n<p style=\"text-align: justify;\">Los ex polic\u00edas con 20 y 30 a\u00f1os de servicio en la Polic\u00eda Intermunicipal Poza Rica-Tihuatl\u00e1n-Coatzintla, sin embargo se desapareci\u00f3 la corporaci\u00f3n y a la fecha a 3 a\u00f1os de que ocurriera el cese de elementos no existe nadie que de respuesta a los afectados.<\/p>\n<p style=\"text-align: justify;\">Los ex polic\u00edas se han dividido en varios grupos pero todos buscan lo mismo, son m\u00e1s de 480 polic\u00edas que fueron despedidos de manera injusta. Explic\u00f3 que enviaron un escrito dirigido a Andr\u00e9s Manuel L\u00f3pez Obrador, Presidente de M\u00e9xico; al Gobernador del Estado de Veracruz, Cuitl\u00e1huac Garc\u00eda Jim\u00e9nez y a los Diputados locales y federales.<\/p>\n<p style=\"text-align: justify;\">Sostuvo que la mayor\u00eda de los ex polic\u00edas son personas ya de edad avanzada que dedicaron una gran parte de su vida a la corporaci\u00f3n intermunicipal de la zona, pero dijo que est\u00e1n dispuestos a volver a trabajar, pero piden ser tomados en cuenta.<\/p>\n<div dir=\"ltr\" style=\"text-align: justify;\">Para finalizar, a\u00f1adi\u00f3 que realizar\u00e1n labores altruistas en escuelas como son: cortes de cabello y mantenimiento a espacios lo que se busca es demostrar es que son gente de trabajo, asegur\u00f3, en cuanto a la pensi\u00f3n del Instituto de Pensiones del Estado (IPE) han pasado ya m\u00e1s de 3 a\u00f1os de que fueron despedidos y que no han recibido recursos por parte de este organismo, por lo que se lucha son por los derechos que se adquirieron por el tiempo laborado.<\/div>\n","protected":false},"excerpt":{"rendered":"<p>No se rinden a 5 a\u00f1os de su despido injustificado.<\/p>\n","protected":false},"author":6,"featured_media":166285,"comment_status":"open","ping_status":"open","sticky":false,"template":"","format":"standard","meta":{"footnotes":""},"categories":[213],"tags":[],"class_list":{"0":"post-166284","1":"post","2":"type-post","3":"status-publish","4":"format-standard","5":"has-post-thumbnail","7":"category-poza-rica"},"nelio_content":{"isAutoShareEnabled":true,"autoShareEndMode":"never","automationSources":{"useCustomSentences":false,"customSentences":[]},"followers":[],"suggestedReferences":[],"efiUrl":"","efiAlt":"","highlights":[],"permalinkQueryArgs":[],"series":[]},"_links":{"self":[{"href":"https:\/\/www.enteratever.com\/2023\/wp-json\/wp\/v2\/posts\/166284","targetHints":{"allow":["GET"]}}],"collection":[{"href":"https:\/\/www.enteratever.com\/2023\/wp-json\/wp\/v2\/posts"}],"about":[{"href":"https:\/\/www.enteratever.com\/2023\/wp-json\/wp\/v2\/types\/post"}],"author":[{"embeddable":true,"href":"https:\/\/www.enteratever.com\/2023\/wp-json\/wp\/v2\/users\/6"}],"replies":[{"embeddable":true,"href":"https:\/\/www.enteratever.com\/2023\/wp-json\/wp\/v2\/comments?post=166284"}],"version-history":[{"count":0,"href":"https:\/\/www.enteratever.com\/2023\/wp-json\/wp\/v2\/posts\/166284\/revisions"}],"wp:featuredmedia":[{"embeddable":true,"href":"https:\/\/www.enteratever.com\/2023\/wp-json\/wp\/v2\/media\/166285"}],"wp:attachment":[{"href":"https:\/\/www.enteratever.com\/2023\/wp-json\/wp\/v2\/media?parent=166284"}],"wp:term":[{"taxonomy":"category","embeddable":true,"href":"https:\/\/www.enteratever.com\/2023\/wp-json\/wp\/v2\/categories?post=166284"},{"taxonomy":"post_tag","embeddable":true,"href":"https:\/\/www.enteratever.com\/2023\/wp-json\/wp\/v2\/tags?post=166284"}],"curies":[{"name":"wp","href":"https:\/\/api.w.org\/{rel}","templated":true}]}}