{"id":166270,"date":"2019-01-07T15:34:09","date_gmt":"2019-01-07T15:34:09","guid":{"rendered":"https:\/\/www.enteratever.com\/2023\/exigen-destitucion-de-winckler-por-casos-empantanados-en-poza-rica\/"},"modified":"2019-01-07T15:34:09","modified_gmt":"2019-01-07T15:34:09","slug":"exigen-destitucion-de-winckler-por-casos-empantanados-en-poza-rica","status":"publish","type":"post","link":"https:\/\/www.enteratever.com\/2023\/2019\/01\/07\/exigen-destitucion-de-winckler-por-casos-empantanados-en-poza-rica\/","title":{"rendered":"Exigen destituci\u00f3n de Winckler por casos \u00abempantanados\u00bb en Poza Rica"},"content":{"rendered":"<p>Visitas: 1<\/p><p style=\"text-align: justify;\">Se manifiestan ciudadanos afuera de la Unidad de Procuraci\u00f3n de Justicia de Poza Rica piden que sea destituido Jorge Winckler, Fiscal General del Estado, Efra\u00edn Ortega quien encabez\u00f3 la movilizaci\u00f3n dijo que esta es pac\u00edfica.<\/p>\n<p style=\"text-align: justify;\">Sostuvo que son muchos los casos que est\u00e1n \u201cempantanados\u201d y que no tienen un avance, esta culpa asegur\u00f3 es del fiscal y de nadie m\u00e1s, por lo anterior, con pancartas se plantaron afuera de las instalaciones de la fiscal\u00eda ubicadas en Poza Rica.<\/p>\n<p style=\"text-align: justify;\">Las quejas son muchas hac\u00eda el trabajo que realiza la fiscal\u00eda, lo que se busca es una soluci\u00f3n pronta a los casos que se tienen detenidos sin avance alguno, \u201cla Ley debe ser pronta y expedita\u201d.<\/p>\n<p style=\"text-align: justify;\">Con forma de presi\u00f3n y de acuerdo a lo establecido en la ley se realiza dijo la manifestaci\u00f3n de forma pac\u00edfica, la movilizaci\u00f3n inici\u00f3 alrededor de las 9:00 de ma\u00f1ana y dijeron se retirar\u00eda a medio d\u00eda.<\/p>\n<p style=\"text-align: justify;\">Enfatiz\u00f3 que el Fiscal conoce bien los casos y sabe perfectamente cuales son lo que requieren celeridad, Ortega subray\u00f3 que quiz\u00e1s la falta de celeridad en los expedientes tiene que ver con los subalternos del funcionario, sin embargo, es importante que \u201cse ponga las pilas\u201d.<\/p>\n<p style=\"text-align: justify;\">\u201c\u00c9l es el responsable, no podemos irnos en el segundo, la responsabilidad es del \u00e9l\u201d, sostuvo. En los carteles que mostraba el grupo de hombres que se manifestaron se le\u00eda \u201cPedimos una limpia de fiscales\u201d, \u201cFuera el Fiscal General Jorge Wincker\u201d entre otras.<\/p>\n","protected":false},"excerpt":{"rendered":"<p>Visitas: 1Se manifiestan ciudadanos afuera de la Unidad de Procuraci\u00f3n de Justicia de Poza Rica piden que sea destituido Jorge Winckler, Fiscal General del Estado, Efra\u00edn Ortega quien encabez\u00f3 la movilizaci\u00f3n dijo que esta es pac\u00edfica. Sostuvo que son muchos los casos que est\u00e1n \u201cempantanados\u201d y que no tienen un avance, esta culpa asegur\u00f3 es [&hellip;]<\/p>\n","protected":false},"author":6,"featured_media":166271,"comment_status":"open","ping_status":"open","sticky":false,"template":"","format":"standard","meta":{"footnotes":""},"categories":[213],"tags":[],"class_list":{"0":"post-166270","1":"post","2":"type-post","3":"status-publish","4":"format-standard","5":"has-post-thumbnail","7":"category-poza-rica"},"nelio_content":{"isAutoShareEnabled":true,"autoShareEndMode":"never","automationSources":{"useCustomSentences":false,"customSentences":[]},"followers":[],"suggestedReferences":[],"efiUrl":"","efiAlt":"","highlights":[],"permalinkQueryArgs":[],"series":[]},"_links":{"self":[{"href":"https:\/\/www.enteratever.com\/2023\/wp-json\/wp\/v2\/posts\/166270","targetHints":{"allow":["GET"]}}],"collection":[{"href":"https:\/\/www.enteratever.com\/2023\/wp-json\/wp\/v2\/posts"}],"about":[{"href":"https:\/\/www.enteratever.com\/2023\/wp-json\/wp\/v2\/types\/post"}],"author":[{"embeddable":true,"href":"https:\/\/www.enteratever.com\/2023\/wp-json\/wp\/v2\/users\/6"}],"replies":[{"embeddable":true,"href":"https:\/\/www.enteratever.com\/2023\/wp-json\/wp\/v2\/comments?post=166270"}],"version-history":[{"count":0,"href":"https:\/\/www.enteratever.com\/2023\/wp-json\/wp\/v2\/posts\/166270\/revisions"}],"wp:featuredmedia":[{"embeddable":true,"href":"https:\/\/www.enteratever.com\/2023\/wp-json\/wp\/v2\/media\/166271"}],"wp:attachment":[{"href":"https:\/\/www.enteratever.com\/2023\/wp-json\/wp\/v2\/media?parent=166270"}],"wp:term":[{"taxonomy":"category","embeddable":true,"href":"https:\/\/www.enteratever.com\/2023\/wp-json\/wp\/v2\/categories?post=166270"},{"taxonomy":"post_tag","embeddable":true,"href":"https:\/\/www.enteratever.com\/2023\/wp-json\/wp\/v2\/tags?post=166270"}],"curies":[{"name":"wp","href":"https:\/\/api.w.org\/{rel}","templated":true}]}}