{"id":166203,"date":"2018-12-17T19:46:39","date_gmt":"2018-12-17T19:46:39","guid":{"rendered":"https:\/\/www.enteratever.com\/2023\/entregan-mil-despensas-en-poza-rica\/"},"modified":"2018-12-17T19:46:39","modified_gmt":"2018-12-17T19:46:39","slug":"entregan-mil-despensas-en-poza-rica","status":"publish","type":"post","link":"https:\/\/www.enteratever.com\/2023\/2018\/12\/17\/entregan-mil-despensas-en-poza-rica\/","title":{"rendered":"Queremos poner fin al hambre: FJVV"},"content":{"rendered":"<p>Visitas: 1<\/p><p style=\"text-align: justify;\">Fueron entregadas mil despensas como parte del programa de Bienestar Social \u00abVive Bien\u00bb, a personas marginadas del municipio, esta es la segunda entrega que se realiza en el a\u00f1o, la finalidad del programa es poner fin al hambre, afirm\u00f3 Francisco Javier Vel\u00e1zquez Vallejo, Presidente de Poza Rica.<\/p>\n<p style=\"text-align: justify;\">\u00abEn Poza Rica, estamos cambiando la historia a trav\u00e9s del trabajo colectivo en proyectos que beneficien a la poblaci\u00f3n m\u00e1s vulnerable, con acciones concretas\u00bb, dijo.<\/p>\n<p style=\"text-align: justify;\">En su discurso asegur\u00f3 que la administraci\u00f3n municipal busca contribuir en el mejoramiento de las condiciones de salud bienestar de sus integrantes a trav\u00e9s de una despensa con art\u00edculos de canasta b\u00e1sica, tomando como referencia lo indicado por la Agenda de Desarrollo Sostenible 2030, cuyo objetivo es poner fin al hambre y lograr la seguridad alimentaria.<\/p>\n<p style=\"text-align: justify;\">El hambre extrema y la malnutrici\u00f3n siguen siendo un enorme obst\u00e1culo para el desarrollo y constituyen una trampa de la que no es f\u00e1cil escapar, hay casi 800 millones de personas que padecen hambre en todo el mundo, la gran mayor\u00eda en los pa\u00edses en desarrollo.<\/p>\n<p style=\"text-align: justify;\">El objetivo del gobierno municipal es poner fin al hambre y asegurar el acceso de todas las personas, en particular a los que est\u00e1n en situaci\u00f3n vulnerable a una alimentaci\u00f3n sana, nutritiva y suficiente durante todo el\u00a0a\u00f1o; abordar las necesidades de nutrici\u00f3n de las adolescentes,\u00a0mujeres embarazadas, lactantes y personas de edad, es responsabilidad de todos\u00a0los gobiernos.<\/p>\n<p style=\"text-align: justify;\">Mar\u00eda de la Luz Straffon de Vel\u00e1zquez, Presidenta del Sistema DIF Municipal se\u00f1al\u00f3 que en la administraci\u00f3n est\u00e1 comprometidos con abatir los \u00edndices de marginaci\u00f3n y pobreza alimentaria en los que todav\u00eda, tenemos una asignatura pendiente.<\/p>\n<p style=\"text-align: justify;\">\u00abVamos a seguir impulsando la entrega de estos recursos, porque estamos convencidos que con estos apoyos cada uno de nuestros habitantes sabe que existe un gobierno comprometido con su gente y con el bienestar de cada una de sus familias\u00bb, concluy\u00f3.<\/p>\n","protected":false},"excerpt":{"rendered":"<p>Visitas: 1Fueron entregadas mil despensas como parte del programa de Bienestar Social \u00abVive Bien\u00bb, a personas marginadas del municipio, esta es la segunda entrega que se realiza en el a\u00f1o, la finalidad del programa es poner fin al hambre, afirm\u00f3 Francisco Javier Vel\u00e1zquez Vallejo, Presidente de Poza Rica. \u00abEn Poza Rica, estamos cambiando la historia [&hellip;]<\/p>\n","protected":false},"author":6,"featured_media":166204,"comment_status":"open","ping_status":"open","sticky":false,"template":"","format":"standard","meta":{"footnotes":""},"categories":[213],"tags":[],"class_list":{"0":"post-166203","1":"post","2":"type-post","3":"status-publish","4":"format-standard","5":"has-post-thumbnail","7":"category-poza-rica"},"nelio_content":{"isAutoShareEnabled":true,"autoShareEndMode":"never","automationSources":{"useCustomSentences":false,"customSentences":[]},"followers":[],"suggestedReferences":[],"efiUrl":"","efiAlt":"","highlights":[],"permalinkQueryArgs":[],"series":[]},"_links":{"self":[{"href":"https:\/\/www.enteratever.com\/2023\/wp-json\/wp\/v2\/posts\/166203","targetHints":{"allow":["GET"]}}],"collection":[{"href":"https:\/\/www.enteratever.com\/2023\/wp-json\/wp\/v2\/posts"}],"about":[{"href":"https:\/\/www.enteratever.com\/2023\/wp-json\/wp\/v2\/types\/post"}],"author":[{"embeddable":true,"href":"https:\/\/www.enteratever.com\/2023\/wp-json\/wp\/v2\/users\/6"}],"replies":[{"embeddable":true,"href":"https:\/\/www.enteratever.com\/2023\/wp-json\/wp\/v2\/comments?post=166203"}],"version-history":[{"count":0,"href":"https:\/\/www.enteratever.com\/2023\/wp-json\/wp\/v2\/posts\/166203\/revisions"}],"wp:featuredmedia":[{"embeddable":true,"href":"https:\/\/www.enteratever.com\/2023\/wp-json\/wp\/v2\/media\/166204"}],"wp:attachment":[{"href":"https:\/\/www.enteratever.com\/2023\/wp-json\/wp\/v2\/media?parent=166203"}],"wp:term":[{"taxonomy":"category","embeddable":true,"href":"https:\/\/www.enteratever.com\/2023\/wp-json\/wp\/v2\/categories?post=166203"},{"taxonomy":"post_tag","embeddable":true,"href":"https:\/\/www.enteratever.com\/2023\/wp-json\/wp\/v2\/tags?post=166203"}],"curies":[{"name":"wp","href":"https:\/\/api.w.org\/{rel}","templated":true}]}}