{"id":166188,"date":"2018-12-14T01:20:24","date_gmt":"2018-12-14T01:20:24","guid":{"rendered":"https:\/\/www.enteratever.com\/2023\/no-se-tienen-cifras-reales-de-desaparecidos-brenda-ceron\/"},"modified":"2018-12-14T01:20:24","modified_gmt":"2018-12-14T01:20:24","slug":"no-se-tienen-cifras-reales-de-desaparecidos-brenda-ceron","status":"publish","type":"post","link":"https:\/\/www.enteratever.com\/2023\/2018\/12\/14\/no-se-tienen-cifras-reales-de-desaparecidos-brenda-ceron\/","title":{"rendered":"No se tienen cifras reales de desaparecidos: Brenda Cer\u00f3n"},"content":{"rendered":"<p>Visitas: 1<\/p><p style=\"text-align: justify;\">Veracruz se encuentra en segundo lugar en desaparecidos ha nivel nacional, sin embargo, no se conocen las cifras reales, desde el 2016 no se cuentan con esta informaci\u00f3n, a las anteriores administraciones no les ha interesado este tema, afirm\u00f3 Brenda Cer\u00f3n Chagoya, Secretaria T\u00e9cnica de la Junta de Coordinaci\u00f3n Pol\u00edtica (Jucopo).<\/p>\n<p style=\"text-align: justify;\">Explic\u00f3 que acudieron a Poza Rica para dar a conocer la convocatoria para integrar el Consejo Estatal Ciudadano, mismo que ser\u00e1 el mec\u00e1nico que dar\u00e1 seguimiento a las acciones que las instancias tengan que realizar.<\/p>\n<p style=\"text-align: justify;\">El consejo lo dirigir\u00e1n seis familiares de personas desparecidas, dos por zona, centro, norte y sur, adem\u00e1s de tres especialistas y cuatro integrantes de organizaciones civiles, todos los familiares interesados en el tema pueden enviar su solicitud v\u00eda internet, a trav\u00e9s del link http:\/\/legisver.gob.mx\/convocatoriaCEC.pdf. en este se encuentran los requisitos para pertenecer a este consejo.<\/p>\n<p style=\"text-align: justify;\">Veracruz es un estado en donde no se tienen cifras de desaparecidos despu\u00e9s del 2016, el Gobierno del Estado anterior no dej\u00f3 las estad\u00edsticas, esto habla de un trabajo nulo en el tema y un desinter\u00e9s, por parte de las administraciones anteriores.<\/p>\n<p style=\"text-align: justify;\">\u201cEs desafiante el compromiso que se tiene pero sabemos que tenemos que hacerlo porque es nuestra obligaci\u00f3n y nuestro deber como gobierno y c\u00f3mo legislatura, separando los poderes pero conjuntando los trabajos para poder tener el fin \u00faltimo que es encontrarlos y atender la problem\u00e1tica\u201d, dijo.<\/p>\n<p style=\"text-align: justify;\">La Fiscal\u00eda del Estado no vincula con las familias y no hay forma de tener los datos reales de la cantidad de desparecidos, pese a ser su obligaci\u00f3n, por lo que es una demanda de los familiares que tomen riendas en el asunto y sino pueden con el papel que renuncien.<\/p>\n<p style=\"text-align: justify;\">Para concluir, se\u00f1al\u00f3 que aunque se ha dicho mucho sobre el hecho de que los desaparecidos estaban vinculados con la delincuencia, sin embargo, subray\u00f3 que lo se puede saber eso adem\u00e1s de que son v\u00edctimas, se trata de Derechos Humanos.<\/p>\n","protected":false},"excerpt":{"rendered":"<p>Visitas: 1Veracruz se encuentra en segundo lugar en desaparecidos ha nivel nacional, sin embargo, no se conocen las cifras reales, desde el 2016 no se cuentan con esta informaci\u00f3n, a las anteriores administraciones no les ha interesado este tema, afirm\u00f3 Brenda Cer\u00f3n Chagoya, Secretaria T\u00e9cnica de la Junta de Coordinaci\u00f3n Pol\u00edtica (Jucopo). Explic\u00f3 que acudieron [&hellip;]<\/p>\n","protected":false},"author":6,"featured_media":166189,"comment_status":"open","ping_status":"open","sticky":false,"template":"","format":"standard","meta":{"footnotes":""},"categories":[213],"tags":[],"class_list":{"0":"post-166188","1":"post","2":"type-post","3":"status-publish","4":"format-standard","5":"has-post-thumbnail","7":"category-poza-rica"},"nelio_content":{"isAutoShareEnabled":true,"autoShareEndMode":"never","automationSources":{"useCustomSentences":false,"customSentences":[]},"followers":[],"suggestedReferences":[],"efiUrl":"","efiAlt":"","highlights":[],"permalinkQueryArgs":[],"series":[]},"_links":{"self":[{"href":"https:\/\/www.enteratever.com\/2023\/wp-json\/wp\/v2\/posts\/166188","targetHints":{"allow":["GET"]}}],"collection":[{"href":"https:\/\/www.enteratever.com\/2023\/wp-json\/wp\/v2\/posts"}],"about":[{"href":"https:\/\/www.enteratever.com\/2023\/wp-json\/wp\/v2\/types\/post"}],"author":[{"embeddable":true,"href":"https:\/\/www.enteratever.com\/2023\/wp-json\/wp\/v2\/users\/6"}],"replies":[{"embeddable":true,"href":"https:\/\/www.enteratever.com\/2023\/wp-json\/wp\/v2\/comments?post=166188"}],"version-history":[{"count":0,"href":"https:\/\/www.enteratever.com\/2023\/wp-json\/wp\/v2\/posts\/166188\/revisions"}],"wp:featuredmedia":[{"embeddable":true,"href":"https:\/\/www.enteratever.com\/2023\/wp-json\/wp\/v2\/media\/166189"}],"wp:attachment":[{"href":"https:\/\/www.enteratever.com\/2023\/wp-json\/wp\/v2\/media?parent=166188"}],"wp:term":[{"taxonomy":"category","embeddable":true,"href":"https:\/\/www.enteratever.com\/2023\/wp-json\/wp\/v2\/categories?post=166188"},{"taxonomy":"post_tag","embeddable":true,"href":"https:\/\/www.enteratever.com\/2023\/wp-json\/wp\/v2\/tags?post=166188"}],"curies":[{"name":"wp","href":"https:\/\/api.w.org\/{rel}","templated":true}]}}