{"id":166180,"date":"2018-12-11T17:49:46","date_gmt":"2018-12-11T17:49:46","guid":{"rendered":"https:\/\/www.enteratever.com\/2023\/cambios-en-hacienda-del-estado-en-poza-rica\/"},"modified":"2018-12-11T17:49:46","modified_gmt":"2018-12-11T17:49:46","slug":"cambios-en-hacienda-del-estado-en-poza-rica","status":"publish","type":"post","link":"https:\/\/www.enteratever.com\/2023\/2018\/12\/11\/cambios-en-hacienda-del-estado-en-poza-rica\/","title":{"rendered":"Cambios en Hacienda del Estado en Poza Rica"},"content":{"rendered":"<p>Visitas: 8<\/p><p style=\"text-align: justify;\">Irene Imelda Salda\u00f1a Reyes, fue nombrada titular de Hacienda del Estado de Poza Rica, sustituye a Julio C\u00e9sar Cort\u00e9s Hern\u00e1ndez, dicho cambio obedece a los m\u00faltiples que se est\u00e1n realizando a nivel estatal con motivo de la nueva administraci\u00f3n.<\/p>\n<p style=\"text-align: justify;\">Cabe se\u00f1alar que desde el mes de febrero del 2017, Cort\u00e9s Hern\u00e1ndez fue nombrado titular de esta dependencia, proveniente de la filas del Partido Acci\u00f3n Nacional (PAN), despu\u00e9s de un a\u00f1o de estar al frente de dicha oficina se realiza este movimiento.<\/p>\n<p style=\"text-align: justify;\">La funcionaria se\u00f1al\u00f3 que es la primera ocasi\u00f3n en que le toca estar en el servicio p\u00fablico, anteriormente labor\u00f3 en empresas privadas, se ha desempe\u00f1ado como gerente. Desde hace 22 a\u00f1os labora en la Universidad Veracruzana, en la Facultad de Ingenier\u00eda y Comunicaciones y en la ense\u00f1anza abierta en la Facultad de Contadur\u00eda.<\/p>\n<p style=\"text-align: justify;\">Lo que se busca con este cambio es un cambio de mentalidad, que se vean los aspectos positivos que propone Andr\u00e9s Manuel L\u00f3pez Obrador, Presidente de M\u00e9xico, no habr\u00e1 derroche econ\u00f3mico pero si puntualidad en el trabajo que se debe realizar, la atenci\u00f3n al p\u00fablico.<\/p>\n<p style=\"text-align: justify;\">En este periodo afirm\u00f3 que estar\u00e1 cercana a la gente, la idea \u201ces que todo sea r\u00e1pido y bien\u201d, en relaci\u00f3n a la infraestructura dijo el edificio que sufri\u00f3 afectaciones derivado de un incendio, se encuentra listo para ponerse en uso solo se requieren la instalaci\u00f3n de telefon\u00eda.<\/p>\n","protected":false},"excerpt":{"rendered":"<p>Visitas: 8Irene Imelda Salda\u00f1a Reyes, fue nombrada titular de Hacienda del Estado de Poza Rica, sustituye a Julio C\u00e9sar Cort\u00e9s Hern\u00e1ndez, dicho cambio obedece a los m\u00faltiples que se est\u00e1n realizando a nivel estatal con motivo de la nueva administraci\u00f3n. Cabe se\u00f1alar que desde el mes de febrero del 2017, Cort\u00e9s Hern\u00e1ndez fue nombrado titular [&hellip;]<\/p>\n","protected":false},"author":6,"featured_media":166181,"comment_status":"open","ping_status":"open","sticky":false,"template":"","format":"standard","meta":{"footnotes":""},"categories":[213],"tags":[],"class_list":{"0":"post-166180","1":"post","2":"type-post","3":"status-publish","4":"format-standard","5":"has-post-thumbnail","7":"category-poza-rica"},"nelio_content":{"isAutoShareEnabled":true,"autoShareEndMode":"never","automationSources":{"useCustomSentences":false,"customSentences":[]},"followers":[],"suggestedReferences":[],"efiUrl":"","efiAlt":"","highlights":[],"permalinkQueryArgs":[],"series":[]},"_links":{"self":[{"href":"https:\/\/www.enteratever.com\/2023\/wp-json\/wp\/v2\/posts\/166180","targetHints":{"allow":["GET"]}}],"collection":[{"href":"https:\/\/www.enteratever.com\/2023\/wp-json\/wp\/v2\/posts"}],"about":[{"href":"https:\/\/www.enteratever.com\/2023\/wp-json\/wp\/v2\/types\/post"}],"author":[{"embeddable":true,"href":"https:\/\/www.enteratever.com\/2023\/wp-json\/wp\/v2\/users\/6"}],"replies":[{"embeddable":true,"href":"https:\/\/www.enteratever.com\/2023\/wp-json\/wp\/v2\/comments?post=166180"}],"version-history":[{"count":0,"href":"https:\/\/www.enteratever.com\/2023\/wp-json\/wp\/v2\/posts\/166180\/revisions"}],"wp:featuredmedia":[{"embeddable":true,"href":"https:\/\/www.enteratever.com\/2023\/wp-json\/wp\/v2\/media\/166181"}],"wp:attachment":[{"href":"https:\/\/www.enteratever.com\/2023\/wp-json\/wp\/v2\/media?parent=166180"}],"wp:term":[{"taxonomy":"category","embeddable":true,"href":"https:\/\/www.enteratever.com\/2023\/wp-json\/wp\/v2\/categories?post=166180"},{"taxonomy":"post_tag","embeddable":true,"href":"https:\/\/www.enteratever.com\/2023\/wp-json\/wp\/v2\/tags?post=166180"}],"curies":[{"name":"wp","href":"https:\/\/api.w.org\/{rel}","templated":true}]}}