{"id":166166,"date":"2018-12-08T00:48:10","date_gmt":"2018-12-08T00:48:10","guid":{"rendered":"https:\/\/www.enteratever.com\/2023\/24657-2\/"},"modified":"2018-12-08T00:48:10","modified_gmt":"2018-12-08T00:48:10","slug":"24657-2","status":"publish","type":"post","link":"https:\/\/www.enteratever.com\/2023\/2018\/12\/08\/24657-2\/","title":{"rendered":"Casa de Enlace de Raquel Bonilla Herrera"},"content":{"rendered":"<p>Visitas: 1<\/p><p style=\"text-align: justify;\">Raquel Bonilla Herrera, Diputada Federal por el V Distrito inaugur\u00f3 sus oficinas de enlace en Poza Rica, con la finalidad de poder las necesidades de la poblaci\u00f3n en general y llevarlas a la Legislatura, esta se encuentra ubicada en el bulevar Adolfo Ruiz Cortines n\u00famero 1208, Colonia Cazones entre calle Moralia y 2 de Enero.<\/p>\n<p style=\"text-align: justify;\">En su discurso se\u00f1al\u00f3 \u201cel poder celebrar la apertura de nuestra casa de enlace, le quisimos colocar el nombre de casa, porque eso es, es la casa del pueblo del V distrito\u201d.<\/p>\n<p style=\"text-align: justify;\">\u201cHoy me siento muy contenta de recibirlos y abrir estas puertas para hacer un v\u00ednculo m\u00e1s y llevar verdaderamente la voz al Congreso, la voz del V distrito, la voz del pueblo mexicano que se est\u00e1 levantando muy fuerte y de aqu\u00ed nace la cuarta transformaci\u00f3n\u201d, expres\u00f3.<\/p>\n<p style=\"text-align: justify;\">Erick Patrocinio Cisneros Burgos, Secretario de Gobierno de Veracruz por su parte enfatiz\u00f3 que ha sido un largo camino el llegar hasta este momento, \u201cel inicio de la cuarta transformaci\u00f3n, con el gobierno encabezado por Andr\u00e9s Manuel L\u00f3pez Obrador, no son pocos de los a\u00f1os que tenemos de lucha para llegar a este momento, por eso algunos no salen de asombre de que a\u00fan estamos en esa ruta y en ese proceso\u201d.<\/p>\n<p style=\"text-align: justify;\">Subray\u00f3 que hace tres a\u00f1os estuvo en el distrito para iniciar el movimiento, anteriormente estaban en un cuartito, peque\u00f1o no se ten\u00edan sillas para sentarse, \u201cnos reun\u00edamos ah\u00ed un grupo muy peque\u00f1o de ciudadanos, ese grupo con disciplina hemos ido avanzando hasta constituir un grupo muy importante, no solo en este distrito se replic\u00f3 en todos los distritos del estado\u201d.<\/p>\n<p style=\"text-align: justify;\">Asegur\u00f3 que este es el nuevo gobierno, el que lo har\u00e1 pero escuchando a la gente, a la inauguraci\u00f3n asistieron Francisco Javier Vel\u00e1zquez Vallejo, Presidente de Poza Rica; Erick Dom\u00ednguez V\u00e1zquez y Bertha Espinoza, Diputados Federales; Mar\u00eda del Carmen Carballo Vicencio, Sindica \u00danica del Ayuntamiento de Poza Rica; F\u00e9lix Iv\u00e1n Garc\u00eda Bustos, Regidor Primero, entre otros.<\/p>\n","protected":false},"excerpt":{"rendered":"<p>Visitas: 1Raquel Bonilla Herrera, Diputada Federal por el V Distrito inaugur\u00f3 sus oficinas de enlace en Poza Rica, con la finalidad de poder las necesidades de la poblaci\u00f3n en general y llevarlas a la Legislatura, esta se encuentra ubicada en el bulevar Adolfo Ruiz Cortines n\u00famero 1208, Colonia Cazones entre calle Moralia y 2 de [&hellip;]<\/p>\n","protected":false},"author":6,"featured_media":166167,"comment_status":"open","ping_status":"open","sticky":false,"template":"","format":"standard","meta":{"footnotes":""},"categories":[213],"tags":[],"class_list":{"0":"post-166166","1":"post","2":"type-post","3":"status-publish","4":"format-standard","5":"has-post-thumbnail","7":"category-poza-rica"},"nelio_content":{"isAutoShareEnabled":true,"autoShareEndMode":"never","automationSources":{"useCustomSentences":false,"customSentences":[]},"followers":[],"suggestedReferences":[],"efiUrl":"","efiAlt":"","highlights":[],"permalinkQueryArgs":[],"series":[]},"_links":{"self":[{"href":"https:\/\/www.enteratever.com\/2023\/wp-json\/wp\/v2\/posts\/166166","targetHints":{"allow":["GET"]}}],"collection":[{"href":"https:\/\/www.enteratever.com\/2023\/wp-json\/wp\/v2\/posts"}],"about":[{"href":"https:\/\/www.enteratever.com\/2023\/wp-json\/wp\/v2\/types\/post"}],"author":[{"embeddable":true,"href":"https:\/\/www.enteratever.com\/2023\/wp-json\/wp\/v2\/users\/6"}],"replies":[{"embeddable":true,"href":"https:\/\/www.enteratever.com\/2023\/wp-json\/wp\/v2\/comments?post=166166"}],"version-history":[{"count":0,"href":"https:\/\/www.enteratever.com\/2023\/wp-json\/wp\/v2\/posts\/166166\/revisions"}],"wp:featuredmedia":[{"embeddable":true,"href":"https:\/\/www.enteratever.com\/2023\/wp-json\/wp\/v2\/media\/166167"}],"wp:attachment":[{"href":"https:\/\/www.enteratever.com\/2023\/wp-json\/wp\/v2\/media?parent=166166"}],"wp:term":[{"taxonomy":"category","embeddable":true,"href":"https:\/\/www.enteratever.com\/2023\/wp-json\/wp\/v2\/categories?post=166166"},{"taxonomy":"post_tag","embeddable":true,"href":"https:\/\/www.enteratever.com\/2023\/wp-json\/wp\/v2\/tags?post=166166"}],"curies":[{"name":"wp","href":"https:\/\/api.w.org\/{rel}","templated":true}]}}