{"id":166158,"date":"2018-12-07T04:17:59","date_gmt":"2018-12-07T04:17:59","guid":{"rendered":"https:\/\/www.enteratever.com\/2023\/tercera-sesion-ordinaria-del-consejo-municipal-de-proteccion-civil\/"},"modified":"2018-12-07T04:17:59","modified_gmt":"2018-12-07T04:17:59","slug":"tercera-sesion-ordinaria-del-consejo-municipal-de-proteccion-civil","status":"publish","type":"post","link":"https:\/\/www.enteratever.com\/2023\/2018\/12\/07\/tercera-sesion-ordinaria-del-consejo-municipal-de-proteccion-civil\/","title":{"rendered":"Queremos hacer de Poza Rica un lugar m\u00e1s seguro y menos vulnerable: F\u00e9lix Iv\u00e1n"},"content":{"rendered":"<p>Visitas: 1<\/p><p style=\"text-align: justify;\">\u201cQueremos hacer de Poza Rica un lugar m\u00e1s seguro y menos vulnerable, y para ellos necesitamos la participaci\u00f3n de todos ustedes\u201d, enfatiz\u00f3 F\u00e9lix Iv\u00e1n Garc\u00eda Busto, Regidor primero, por lo que con la finalidad de realizar acciones preventivas para esta temporada invernal, se realiz\u00f3 la tercera sesi\u00f3n del consejo municipal de Protecci\u00f3n Civil.<\/p>\n<p style=\"text-align: justify;\">\u201cUna de las responsabilidades mas altas del gobierno municipal es proteger a la poblaci\u00f3n ante la presencia de fen\u00f3menos perturbadores, a los que esta se encuentra expuesta\u201d se\u00f1al\u00f3.<\/p>\n<p style=\"text-align: justify;\">El edil enfatiz\u00f3 en su discurso que la administraci\u00f3n municipal pretende pasar de un programa reactivo a uno preventivo, por lo que con dicha finalidad se realiz\u00f3 tercera sesi\u00f3n del Consejo Municipal de Protecci\u00f3n Civil, integrado por autoridades municipales, Hospital Regional de Poza rica, Fuerza Civil, Polic\u00eda Federal, Cruz Roja Mexicana, Iniciativa Privada, Jurisdicci\u00f3n Sanitaria N\u00famero 3, entre otros.<\/p>\n<p style=\"text-align: justify;\">En la reuni\u00f3n se trataron tres puntos: el primero dar a conocer el programa especifico para la temporada invernal que inicia el 21 de diciembre, sin embargo la administraci\u00f3n esta instalando este consejo de manera preventiva; el segundo terminar concluir la temporada de lluvias y huracanes y dar un informe general de los efectos de esta, el tercero fue un informe sobre las actividades realizadas por parte de Protecci\u00f3n Civil Municipal en apoyo a la ciudadania.<\/p>\n<p style=\"text-align: justify;\">Se\u00f1al\u00f3 que cuando existen frentes fr\u00edo muy intensos, con temperatura abajo de los 12 grados y las rachas de viento, se instala de manera inmediata un refugio temporal, as\u00ed mismo si se trata de un hurac\u00e1n o tormenta tropical.<\/p>\n<p style=\"text-align: justify;\">En las ocasiones que no se abre un refugio temporal se tienen los albergues \u201cLa Casa de Los Abuelos\u201d del Desarrollo Integral de la Familia (DIF) para trasladar a las personas que est\u00e9n en situaci\u00f3n de vulnerabilidad o situaci\u00f3n de calle durante los frentes fr\u00edos que se han suscitado.<\/p>\n<p style=\"text-align: justify;\">El Ayuntamiento de Poza Rica, dijo cuenta con un presupuesto especial para contingencias que se puedan presentar en la temporada de lluvias y huracanes proveniente del Fondo para el Fortalecimiento Municipal(FORTAMUN), en la ciudad no se tuvo la necesidad de aplicar dicho recursos debido a que no se tuvo emergencias de la magnitud de \u00c1lamo o Castillo de Teayo, municipios que se inundaron.<\/p>\n<p style=\"text-align: justify;\">Para este temporada invernal se est\u00e1n iniciando las gestiones ante la Secretar\u00eda de Protecci\u00f3n Civil del Estado, para que otorgue al municipio de: cobijas y colchonetas para re abastecer los refugios temporales y otorgarles este tipo de apoyos a los ciudadanos que lo requieran.<\/p>\n<p><iframe loading=\"lazy\" style=\"border: none; overflow: hidden;\" src=\"https:\/\/www.facebook.com\/plugins\/video.php?href=https%3A%2F%2Fwww.facebook.com%2FEnteratevercom%2Fvideos%2F1753571691415204%2F&amp;show_text=0&amp;width=560\" width=\"760\" height=\"515\" frameborder=\"0\" scrolling=\"no\" allowfullscreen=\"allowfullscreen\"><\/iframe><\/p>\n","protected":false},"excerpt":{"rendered":"<p>Visitas: 1\u201cQueremos hacer de Poza Rica un lugar m\u00e1s seguro y menos vulnerable, y para ellos necesitamos la participaci\u00f3n de todos ustedes\u201d, enfatiz\u00f3 F\u00e9lix Iv\u00e1n Garc\u00eda Busto, Regidor primero, por lo que con la finalidad de realizar acciones preventivas para esta temporada invernal, se realiz\u00f3 la tercera sesi\u00f3n del consejo municipal de Protecci\u00f3n Civil. \u201cUna [&hellip;]<\/p>\n","protected":false},"author":6,"featured_media":166159,"comment_status":"open","ping_status":"open","sticky":false,"template":"","format":"standard","meta":{"footnotes":""},"categories":[213],"tags":[],"class_list":{"0":"post-166158","1":"post","2":"type-post","3":"status-publish","4":"format-standard","5":"has-post-thumbnail","7":"category-poza-rica"},"nelio_content":{"isAutoShareEnabled":true,"autoShareEndMode":"never","automationSources":{"useCustomSentences":false,"customSentences":[]},"followers":[],"suggestedReferences":[],"efiUrl":"","efiAlt":"","highlights":[],"permalinkQueryArgs":[],"series":[]},"_links":{"self":[{"href":"https:\/\/www.enteratever.com\/2023\/wp-json\/wp\/v2\/posts\/166158","targetHints":{"allow":["GET"]}}],"collection":[{"href":"https:\/\/www.enteratever.com\/2023\/wp-json\/wp\/v2\/posts"}],"about":[{"href":"https:\/\/www.enteratever.com\/2023\/wp-json\/wp\/v2\/types\/post"}],"author":[{"embeddable":true,"href":"https:\/\/www.enteratever.com\/2023\/wp-json\/wp\/v2\/users\/6"}],"replies":[{"embeddable":true,"href":"https:\/\/www.enteratever.com\/2023\/wp-json\/wp\/v2\/comments?post=166158"}],"version-history":[{"count":0,"href":"https:\/\/www.enteratever.com\/2023\/wp-json\/wp\/v2\/posts\/166158\/revisions"}],"wp:featuredmedia":[{"embeddable":true,"href":"https:\/\/www.enteratever.com\/2023\/wp-json\/wp\/v2\/media\/166159"}],"wp:attachment":[{"href":"https:\/\/www.enteratever.com\/2023\/wp-json\/wp\/v2\/media?parent=166158"}],"wp:term":[{"taxonomy":"category","embeddable":true,"href":"https:\/\/www.enteratever.com\/2023\/wp-json\/wp\/v2\/categories?post=166158"},{"taxonomy":"post_tag","embeddable":true,"href":"https:\/\/www.enteratever.com\/2023\/wp-json\/wp\/v2\/tags?post=166158"}],"curies":[{"name":"wp","href":"https:\/\/api.w.org\/{rel}","templated":true}]}}