{"id":166156,"date":"2018-12-06T18:25:09","date_gmt":"2018-12-06T18:25:09","guid":{"rendered":"https:\/\/www.enteratever.com\/2023\/primer-informe-de-velazquez-vallejo-sera-el-20-de-diciembre\/"},"modified":"2018-12-06T18:25:09","modified_gmt":"2018-12-06T18:25:09","slug":"primer-informe-de-velazquez-vallejo-sera-el-20-de-diciembre","status":"publish","type":"post","link":"https:\/\/www.enteratever.com\/2023\/2018\/12\/06\/primer-informe-de-velazquez-vallejo-sera-el-20-de-diciembre\/","title":{"rendered":"Primer Informe de Vel\u00e1zquez Vallejo ser\u00e1 el 20 de diciembre"},"content":{"rendered":"<p>Visitas: 1<\/p><p style=\"text-align: justify;\">El primer informe de actividades del Gobierno de Poza Rica se llevar\u00e1 a cabo el pr\u00f3ximo 20 de diciembre en el gimnasio municipal a las 11:00 de la ma\u00f1ana, en este se rendir\u00e1n cuantas a los ciudadanos de lo que se ha realizado a lo largo de este a\u00f1o 2018, as\u00ed lo dio a conocer Francisco Javier Vel\u00e1zquez Vallejo, Presidente de Poza Rica.<\/p>\n<p style=\"text-align: justify;\">En entrevista enfatiz\u00f3 que toda la ciudadan\u00eda est\u00e1 cordialmente invitada, el cupo del gimnasio es el \u00fanico que limitar\u00e1 el acceso. Cabe se\u00f1alar que el periodo de la actual administraci\u00f3n municipal es del 2018-2021.<\/p>\n<p style=\"text-align: justify;\">\u201cVamos a dar cuenta de lo que se ha hecho este a\u00f1o, de todo lo bueno y lo que est\u00e1 pendiente por hacer\u201d dijo.<\/p>\n<p style=\"text-align: justify;\">Por otro lado, se\u00f1al\u00f3 que en la sesi\u00f3n de cabildo se dio a conocer que fueron publicados los 11 reglamentos en la Gaceta Oficial del Estado y el bando de Polic\u00eda y Buen Gobierno, mismo que hace la funci\u00f3n de una \u201cconstituci\u00f3n municipal\u201d.<\/p>\n<p><iframe loading=\"lazy\" style=\"border: none; overflow: hidden;\" src=\"https:\/\/www.facebook.com\/plugins\/video.php?href=https%3A%2F%2Fwww.facebook.com%2FEnteratevercom%2Fvideos%2F322144828435925%2F&amp;show_text=0&amp;width=560\" width=\"560\" height=\"315\" frameborder=\"0\" scrolling=\"no\" allowfullscreen=\"allowfullscreen\"><\/iframe><\/p>\n","protected":false},"excerpt":{"rendered":"<p>Visitas: 1El primer informe de actividades del Gobierno de Poza Rica se llevar\u00e1 a cabo el pr\u00f3ximo 20 de diciembre en el gimnasio municipal a las 11:00 de la ma\u00f1ana, en este se rendir\u00e1n cuantas a los ciudadanos de lo que se ha realizado a lo largo de este a\u00f1o 2018, as\u00ed lo dio a [&hellip;]<\/p>\n","protected":false},"author":6,"featured_media":166157,"comment_status":"open","ping_status":"open","sticky":false,"template":"","format":"standard","meta":{"footnotes":""},"categories":[213],"tags":[],"class_list":{"0":"post-166156","1":"post","2":"type-post","3":"status-publish","4":"format-standard","5":"has-post-thumbnail","7":"category-poza-rica"},"nelio_content":{"isAutoShareEnabled":true,"autoShareEndMode":"never","automationSources":{"useCustomSentences":false,"customSentences":[]},"followers":[],"suggestedReferences":[],"efiUrl":"","efiAlt":"","highlights":[],"permalinkQueryArgs":[],"series":[]},"_links":{"self":[{"href":"https:\/\/www.enteratever.com\/2023\/wp-json\/wp\/v2\/posts\/166156","targetHints":{"allow":["GET"]}}],"collection":[{"href":"https:\/\/www.enteratever.com\/2023\/wp-json\/wp\/v2\/posts"}],"about":[{"href":"https:\/\/www.enteratever.com\/2023\/wp-json\/wp\/v2\/types\/post"}],"author":[{"embeddable":true,"href":"https:\/\/www.enteratever.com\/2023\/wp-json\/wp\/v2\/users\/6"}],"replies":[{"embeddable":true,"href":"https:\/\/www.enteratever.com\/2023\/wp-json\/wp\/v2\/comments?post=166156"}],"version-history":[{"count":0,"href":"https:\/\/www.enteratever.com\/2023\/wp-json\/wp\/v2\/posts\/166156\/revisions"}],"wp:featuredmedia":[{"embeddable":true,"href":"https:\/\/www.enteratever.com\/2023\/wp-json\/wp\/v2\/media\/166157"}],"wp:attachment":[{"href":"https:\/\/www.enteratever.com\/2023\/wp-json\/wp\/v2\/media?parent=166156"}],"wp:term":[{"taxonomy":"category","embeddable":true,"href":"https:\/\/www.enteratever.com\/2023\/wp-json\/wp\/v2\/categories?post=166156"},{"taxonomy":"post_tag","embeddable":true,"href":"https:\/\/www.enteratever.com\/2023\/wp-json\/wp\/v2\/tags?post=166156"}],"curies":[{"name":"wp","href":"https:\/\/api.w.org\/{rel}","templated":true}]}}