{"id":166150,"date":"2018-12-06T16:33:37","date_gmt":"2018-12-06T16:33:37","guid":{"rendered":"https:\/\/www.enteratever.com\/2023\/preescolares-y-primarias-de-poza-rica-tendran-botiquin-de-primeros-auxilios\/"},"modified":"2018-12-06T16:33:37","modified_gmt":"2018-12-06T16:33:37","slug":"preescolares-y-primarias-de-poza-rica-tendran-botiquin-de-primeros-auxilios","status":"publish","type":"post","link":"https:\/\/www.enteratever.com\/2023\/2018\/12\/06\/preescolares-y-primarias-de-poza-rica-tendran-botiquin-de-primeros-auxilios\/","title":{"rendered":"Preescolares y primarias de Poza Rica tendr\u00e1n botiqu\u00edn de Primeros Auxilios"},"content":{"rendered":"<p>Visitas: 1<\/p><p style=\"text-align: justify;\">Escuelas Preescolares y Primarias contar\u00e1n con un botiqu\u00edn de primeros auxilios, la propuesta fue presentada en el Cabildo por Fausto Jaimit Cabrera D\u00e1vila, Regidor Comisionado en Salud y fue aprobada por unanimidad.<\/p>\n<p style=\"text-align: justify;\">El edil destac\u00f3 que es importante que los planteles educativos cuenten con lo necesario para atender emergencias, la propuesta contempla otorgar dos veces por a\u00f1o el material para el botiqu\u00edn escolar, los gastos ser\u00e1n absorbidos por el ayuntamiento de Poza Rica, se prev\u00e9 que sea a inicios del pr\u00f3ximo a\u00f1o cuando se lleve a cabo la distribuci\u00f3n de estos.<\/p>\n<p style=\"text-align: justify;\">En entrevista a\u00f1adi\u00f3 que derivado de los recorridos que ha realizado en los diversos planteles educativos surgi\u00f3 dicha idea, misma que proviene de las solicitudes que han realizado los catedr\u00e1ticos y directivos de los centros educativos.<\/p>\n<p style=\"text-align: justify;\">Los 12 regidores, la s\u00edndico y el alcalde votaron a favor de esta iniciativa, todos concordaron que es importante que cuenten con lo b\u00e1sico en las escuelas para atender alg\u00fan percance, Cabrera D\u00e1vila subray\u00f3 \u00abm\u00e1s vale prevenir que lamentar\u201d, en la sesi\u00f3n entreg\u00f3 a cada uno de los integrantes del cabildo un ejemplo de dichos botiquines.<\/p>\n<p style=\"text-align: justify;\">Francisco Javier Vel\u00e1zquez Vallejo, Presidente de Poza Rica, puntualiz\u00f3 que sin importar de d\u00f3nde salgan los recursos para esta iniciativa debe ponerse en marcha, a\u00f1adi\u00f3 que pueden ser propios o de alg\u00fan rubro. El edil comisionado en salud, puntualiz\u00f3 que Poza Rica ser\u00e1 el primer municipio en la entidad que dote a las escuelas de botiquines de primeros auxilios.<\/p>\n<div class=\"youtube-embed\" data-video_id=\"SPtzZhTgWI0\"><iframe loading=\"lazy\" title=\"Preescolares y primarias de Poza Rica tendr\u00e1n botiqu\u00edn de Primeros Auxilios\" width=\"696\" height=\"392\" src=\"https:\/\/www.youtube.com\/embed\/SPtzZhTgWI0?feature=oembed&#038;enablejsapi=1\" frameborder=\"0\" allow=\"accelerometer; autoplay; clipboard-write; encrypted-media; gyroscope; picture-in-picture; web-share\" allowfullscreen><\/iframe><\/div>\n","protected":false},"excerpt":{"rendered":"<p>Visitas: 1Escuelas Preescolares y Primarias contar\u00e1n con un botiqu\u00edn de primeros auxilios, la propuesta fue presentada en el Cabildo por Fausto Jaimit Cabrera D\u00e1vila, Regidor Comisionado en Salud y fue aprobada por unanimidad. El edil destac\u00f3 que es importante que los planteles educativos cuenten con lo necesario para atender emergencias, la propuesta contempla otorgar dos [&hellip;]<\/p>\n","protected":false},"author":6,"featured_media":166151,"comment_status":"open","ping_status":"open","sticky":false,"template":"","format":"standard","meta":{"footnotes":""},"categories":[213],"tags":[],"class_list":{"0":"post-166150","1":"post","2":"type-post","3":"status-publish","4":"format-standard","5":"has-post-thumbnail","7":"category-poza-rica"},"nelio_content":{"isAutoShareEnabled":true,"autoShareEndMode":"never","automationSources":{"useCustomSentences":false,"customSentences":[]},"followers":[],"suggestedReferences":[],"efiUrl":"","efiAlt":"","highlights":[],"permalinkQueryArgs":[],"series":[]},"_links":{"self":[{"href":"https:\/\/www.enteratever.com\/2023\/wp-json\/wp\/v2\/posts\/166150","targetHints":{"allow":["GET"]}}],"collection":[{"href":"https:\/\/www.enteratever.com\/2023\/wp-json\/wp\/v2\/posts"}],"about":[{"href":"https:\/\/www.enteratever.com\/2023\/wp-json\/wp\/v2\/types\/post"}],"author":[{"embeddable":true,"href":"https:\/\/www.enteratever.com\/2023\/wp-json\/wp\/v2\/users\/6"}],"replies":[{"embeddable":true,"href":"https:\/\/www.enteratever.com\/2023\/wp-json\/wp\/v2\/comments?post=166150"}],"version-history":[{"count":0,"href":"https:\/\/www.enteratever.com\/2023\/wp-json\/wp\/v2\/posts\/166150\/revisions"}],"wp:featuredmedia":[{"embeddable":true,"href":"https:\/\/www.enteratever.com\/2023\/wp-json\/wp\/v2\/media\/166151"}],"wp:attachment":[{"href":"https:\/\/www.enteratever.com\/2023\/wp-json\/wp\/v2\/media?parent=166150"}],"wp:term":[{"taxonomy":"category","embeddable":true,"href":"https:\/\/www.enteratever.com\/2023\/wp-json\/wp\/v2\/categories?post=166150"},{"taxonomy":"post_tag","embeddable":true,"href":"https:\/\/www.enteratever.com\/2023\/wp-json\/wp\/v2\/tags?post=166150"}],"curies":[{"name":"wp","href":"https:\/\/api.w.org\/{rel}","templated":true}]}}