{"id":166146,"date":"2018-12-05T19:42:59","date_gmt":"2018-12-05T19:42:59","guid":{"rendered":"https:\/\/www.enteratever.com\/2023\/rechazan-maestros-designacion-de-zenyazen-exigen-destitucion\/"},"modified":"2018-12-05T19:42:59","modified_gmt":"2018-12-05T19:42:59","slug":"rechazan-maestros-designacion-de-zenyazen-exigen-destitucion","status":"publish","type":"post","link":"https:\/\/www.enteratever.com\/2023\/2018\/12\/05\/rechazan-maestros-designacion-de-zenyazen-exigen-destitucion\/","title":{"rendered":"Rechazan maestros designaci\u00f3n de Zenyazen, exigen destituci\u00f3n"},"content":{"rendered":"<p>Visitas: 1<\/p><p style=\"text-align: justify;\">Maestros tomaron las instalaciones de la Delegaci\u00f3n Regional de la Secretar\u00eda de Educaci\u00f3n de Veracruz con sede en Poza Rica, se\u00f1alan que est\u00e1n inconformes con la designaci\u00f3n Zenyazen Roberto Cruz Escobar, titular de la Secretar\u00eda de Educaci\u00f3n de Veracruz, exigir la destituci\u00f3n del por no cumplir con el perfil acad\u00e9mico, inform\u00f3 Adolfo Campos Cruz, Integrante del Movimiento Magisterial Popular Veracruzano.<\/p>\n<p style=\"text-align: justify;\">Destac\u00f3 que seguir\u00e1n con esta medida de presi\u00f3n, enfatiz\u00f3 que existen muchas propuestas para que ocupe el cargo, a\u00f1adi\u00f3 que va existen negociaciones en la sev para beneficio propio.<\/p>\n<p style=\"text-align: justify;\">Son m\u00e1s de 5 mil maestros los que est\u00e1n en este movimiento, a nivel estatal se est\u00e1n tomando instalaciones de la sev, consideraron la designaci\u00f3n de Zenyazen el primer tropiezo de la administraci\u00f3n de Cuitl\u00e1huac Garc\u00eda.<\/p>\n","protected":false},"excerpt":{"rendered":"<p>Visitas: 1Maestros tomaron las instalaciones de la Delegaci\u00f3n Regional de la Secretar\u00eda de Educaci\u00f3n de Veracruz con sede en Poza Rica, se\u00f1alan que est\u00e1n inconformes con la designaci\u00f3n Zenyazen Roberto Cruz Escobar, titular de la Secretar\u00eda de Educaci\u00f3n de Veracruz, exigir la destituci\u00f3n del por no cumplir con el perfil acad\u00e9mico, inform\u00f3 Adolfo Campos Cruz, [&hellip;]<\/p>\n","protected":false},"author":6,"featured_media":166147,"comment_status":"open","ping_status":"open","sticky":false,"template":"","format":"standard","meta":{"footnotes":""},"categories":[213],"tags":[],"class_list":{"0":"post-166146","1":"post","2":"type-post","3":"status-publish","4":"format-standard","5":"has-post-thumbnail","7":"category-poza-rica"},"nelio_content":{"isAutoShareEnabled":true,"autoShareEndMode":"never","automationSources":{"useCustomSentences":false,"customSentences":[]},"followers":[],"suggestedReferences":[],"efiUrl":"","efiAlt":"","highlights":[],"permalinkQueryArgs":[],"series":[]},"_links":{"self":[{"href":"https:\/\/www.enteratever.com\/2023\/wp-json\/wp\/v2\/posts\/166146","targetHints":{"allow":["GET"]}}],"collection":[{"href":"https:\/\/www.enteratever.com\/2023\/wp-json\/wp\/v2\/posts"}],"about":[{"href":"https:\/\/www.enteratever.com\/2023\/wp-json\/wp\/v2\/types\/post"}],"author":[{"embeddable":true,"href":"https:\/\/www.enteratever.com\/2023\/wp-json\/wp\/v2\/users\/6"}],"replies":[{"embeddable":true,"href":"https:\/\/www.enteratever.com\/2023\/wp-json\/wp\/v2\/comments?post=166146"}],"version-history":[{"count":0,"href":"https:\/\/www.enteratever.com\/2023\/wp-json\/wp\/v2\/posts\/166146\/revisions"}],"wp:featuredmedia":[{"embeddable":true,"href":"https:\/\/www.enteratever.com\/2023\/wp-json\/wp\/v2\/media\/166147"}],"wp:attachment":[{"href":"https:\/\/www.enteratever.com\/2023\/wp-json\/wp\/v2\/media?parent=166146"}],"wp:term":[{"taxonomy":"category","embeddable":true,"href":"https:\/\/www.enteratever.com\/2023\/wp-json\/wp\/v2\/categories?post=166146"},{"taxonomy":"post_tag","embeddable":true,"href":"https:\/\/www.enteratever.com\/2023\/wp-json\/wp\/v2\/tags?post=166146"}],"curies":[{"name":"wp","href":"https:\/\/api.w.org\/{rel}","templated":true}]}}