{"id":165930,"date":"2018-10-09T16:21:02","date_gmt":"2018-10-09T16:21:02","guid":{"rendered":"https:\/\/www.enteratever.com\/2023\/festival-del-dia-de-muertos\/"},"modified":"2018-10-09T16:21:02","modified_gmt":"2018-10-09T16:21:02","slug":"festival-del-dia-de-muertos","status":"publish","type":"post","link":"https:\/\/www.enteratever.com\/2023\/2018\/10\/09\/festival-del-dia-de-muertos\/","title":{"rendered":"Festival del D\u00eda de Muertos"},"content":{"rendered":"<p>Visitas: 0<\/p><p><strong>Por: Luis Navarro\u00a0| Enteratever.com<\/strong><\/p>\n<p style=\"text-align: justify;\">Prepara el ayuntamiento de Poza Rica el Festival de D\u00eda de Muertos 2018, que, a pesar de ser anunciado como el primero, se inscribe en una serie de eventos que se vienen realizando desde administraciones anteriores.<\/p>\n<p style=\"text-align: justify;\">Las actividades fueron presentadas por el presidente municipal de Poza Rica, Francisco Javier Vel\u00e1zquez Vallejo, quien estuvo acompa\u00f1ado por el Regidor S\u00e9ptimo, Aldo Maldonado Mac\u00edas; la presidenta del DIF Municipal, Mar\u00eda de la Luz Straffon de Vel\u00e1zquez; los directores de Turismo, Edgar de Le\u00f3n Silva y de Cultura, Educaci\u00f3n y Deporte, Ram\u00f3n Rosas Caro.<\/p>\n<p style=\"text-align: justify;\">El programa iniciar\u00e1 el 27 al 30 de octubre. Habr\u00e1 actividades en Casa de Cultura, el Parque Benito Ju\u00e1rez, la Plaza C\u00edvica 18 de marzo y el Cementerio de La Sant\u00edsima Trinidad.<\/p>\n<p style=\"text-align: justify;\">El ayuntamiento informa que todo iniciar\u00e1 en el Mercado Manuel \u00c1vila Camacho, donde se realiza la venta de materiales para la elaboraci\u00f3n de altares y se realizar\u00e1 un fandango &#8211; de 18:00 a 21:00 horas- con la presentaci\u00f3n del Trio Huasteco, Bazar Artesanal, Concurso de Calaveras y Altares.<\/p>\n<p style=\"text-align: justify;\">Por otro lado, del 21 de octubre al 3 de noviembre, en Casa de Cultura se llevar\u00e1 a cabo \u00abBailando con la Muerte\u00bb, en donde se contempla la presentaci\u00f3n del tradicional altar, recitales de poes\u00eda, lectura de textos alusivos a Todos Santos y el Ensamble Nin\u00edn \u2013 Xantolo de 08:00 a 20:00 horas; del 31 de octubre al 3 de noviembre, en el Domo de la Plaza C\u00edvica 18 de Marzo, se montar\u00e1 el Octavo Festival de Muertos de la Secci\u00f3n 30 de 10:00 a 20:00 horas; el 1 y 2 de noviembre en el Pante\u00f3n Sant\u00edsima Trinidad, degustaci\u00f3n y programa cultural a las 12:00 horas.<\/p>\n<p style=\"text-align: justify;\">En los d\u00edas, 2 y 3 de noviembre, de 12:00 a 22:00 horas, en el Parque Benito Ju\u00e1rez, se llevar\u00e1 a cabo, el Primer Festival de D\u00eda de Muertos Poza Rica 2018, que a su vez, tendr\u00e1 su propio programa, con las instalaciones permanentes del Altar Monumental \u00abOfrenda con Aroma a Tradici\u00f3n\u00bb, Tapete de Aserr\u00edn \u00abArte Ef\u00edmero de D\u00eda de Muertos\u00bb, Mercado Gastron\u00f3mico \u00abDel Altar a la Mesa\u00bb, Mercado Artesanal \u00abArte Vivo\u00bb; de 12:00 a 20:00 horas, Carpa Hol\u00edstica \u00abSanaci\u00f3n para las Almas\u00bb; de 16:00 a 20:00 horas Talleres Tradicionales \u00abManos Creativas\u00bb; de 16:00 a 22:00 horas, Programa Cultural \u00abRitmos de Vida y Muerte\u00bb; \u00abViva los Muertos\u00bb.<\/p>\n<p style=\"text-align: justify;\">La Gala de Catrinas y Catrines, est\u00e1 programada para efectuar su recorrido por el Parque Benito Ju\u00e1rez, el 02 de noviembre a las 18:00 horas y el Concurso de Catrinas INAPAM ser\u00e1 el 03 de noviembre a la misma hora, informando la Presidenta del DIF Municipal, Mar\u00eda de la Luz Straffon de Vel\u00e1zquez, que estar\u00e1n a cargo de \u00e9ste evento con los grupos de adultos mayores.<\/p>\n<p style=\"text-align: justify;\">\u00c9se mismo 03 de noviembre, tendr\u00e1 a lugar la Procesi\u00f3n de Novias en Memoria de las Mujeres a las 19:00 horas que iniciar\u00e1 en la Escuela Primaria Mar\u00eda Enriqueta y se dirigir\u00e1 al Parque Benito Ju\u00e1rez.<\/p>\n<p style=\"text-align: justify;\">A pesar de que la actual administraci\u00f3n presenta estas actividades como el primer festival lo cierto es que desde al menos 2011, las autoridades municipales y la secci\u00f3n 30 del STPRM realizan encuentros culturales en el pante\u00f3n de la Sant\u00edsima Trinidad y en otros escenarios.<\/p>\n","protected":false},"excerpt":{"rendered":"<p>Visitas: 0Por: Luis Navarro\u00a0| Enteratever.com Prepara el ayuntamiento de Poza Rica el Festival de D\u00eda de Muertos 2018, que, a pesar de ser anunciado como el primero, se inscribe en una serie de eventos que se vienen realizando desde administraciones anteriores. Las actividades fueron presentadas por el presidente municipal de Poza Rica, Francisco Javier Vel\u00e1zquez [&hellip;]<\/p>\n","protected":false},"author":2,"featured_media":165931,"comment_status":"open","ping_status":"open","sticky":false,"template":"","format":"standard","meta":{"footnotes":""},"categories":[299,213],"tags":[],"class_list":{"0":"post-165930","1":"post","2":"type-post","3":"status-publish","4":"format-standard","5":"has-post-thumbnail","7":"category-notas-locales","8":"category-poza-rica"},"nelio_content":{"isAutoShareEnabled":true,"autoShareEndMode":"never","automationSources":{"useCustomSentences":false,"customSentences":[]},"followers":[],"suggestedReferences":[],"efiUrl":"","efiAlt":"","highlights":[],"permalinkQueryArgs":[],"series":[]},"_links":{"self":[{"href":"https:\/\/www.enteratever.com\/2023\/wp-json\/wp\/v2\/posts\/165930","targetHints":{"allow":["GET"]}}],"collection":[{"href":"https:\/\/www.enteratever.com\/2023\/wp-json\/wp\/v2\/posts"}],"about":[{"href":"https:\/\/www.enteratever.com\/2023\/wp-json\/wp\/v2\/types\/post"}],"author":[{"embeddable":true,"href":"https:\/\/www.enteratever.com\/2023\/wp-json\/wp\/v2\/users\/2"}],"replies":[{"embeddable":true,"href":"https:\/\/www.enteratever.com\/2023\/wp-json\/wp\/v2\/comments?post=165930"}],"version-history":[{"count":0,"href":"https:\/\/www.enteratever.com\/2023\/wp-json\/wp\/v2\/posts\/165930\/revisions"}],"wp:featuredmedia":[{"embeddable":true,"href":"https:\/\/www.enteratever.com\/2023\/wp-json\/wp\/v2\/media\/165931"}],"wp:attachment":[{"href":"https:\/\/www.enteratever.com\/2023\/wp-json\/wp\/v2\/media?parent=165930"}],"wp:term":[{"taxonomy":"category","embeddable":true,"href":"https:\/\/www.enteratever.com\/2023\/wp-json\/wp\/v2\/categories?post=165930"},{"taxonomy":"post_tag","embeddable":true,"href":"https:\/\/www.enteratever.com\/2023\/wp-json\/wp\/v2\/tags?post=165930"}],"curies":[{"name":"wp","href":"https:\/\/api.w.org\/{rel}","templated":true}]}}