{"id":165894,"date":"2018-10-03T15:40:02","date_gmt":"2018-10-03T15:40:02","guid":{"rendered":"https:\/\/www.enteratever.com\/2023\/reprocha-luchador-social-que-ayuntamiento-emanado-de-la-izquierda-olvide-el-2-de-octubre\/"},"modified":"2018-10-03T15:40:02","modified_gmt":"2018-10-03T15:40:02","slug":"reprocha-luchador-social-que-ayuntamiento-emanado-de-la-izquierda-olvide-el-2-de-octubre","status":"publish","type":"post","link":"https:\/\/www.enteratever.com\/2023\/2018\/10\/03\/reprocha-luchador-social-que-ayuntamiento-emanado-de-la-izquierda-olvide-el-2-de-octubre\/","title":{"rendered":"Reprocha luchador social que Ayuntamiento emanado de la izquierda olvide el 2 de octubre"},"content":{"rendered":"<p>Visitas: 0<\/p><p><strong>Por: Luis Navarro | ENTERATEVER.COM<\/strong><\/p>\n<p style=\"text-align: justify;\">No se entiende c\u00f3mo un gobierno que se dice de izquierda, como el emanado de Morena en Poza Rica, no haya conmemorado el 50 aniversario del movimiento estudiantil de 1968 que culmin\u00f3 con la matanza del 2 de octubre de aquel a\u00f1o. As\u00ed lo expres\u00f3 el acad\u00e9mico de la Universidad Veracruzana, Ignacio Alvarado Castillo, luego de la proyecci\u00f3n del documental Tlatelolco 68: las claves de la masacre, en el marco programa universitario Martes de lectores y lecturas, y que fue el \u00fanico evento con el que se conmemor\u00f3 la fecha en la ciudad.<\/p>\n<p style=\"text-align: justify;\">Reproch\u00f3 al ayuntamiento de Poza Rica no haber realizado un evento para conmemorar este momento hist\u00f3rico, que forma parte de las luchas de la izquierda, porque representa hito en la lucha por la democracia en la que los movimientos comunistas, socialista, trotskistas, impulsaron la movilizaci\u00f3n social para lograr la transformaci\u00f3n del pa\u00eds, y por tanto, el movimiento estudiantil representa una herencia simb\u00f3lica aquellos que se dicen progresistas, pero aqu\u00ed al nadie en el poder , le import\u00f3.<\/p>\n<p style=\"text-align: justify;\">Con las reservas del caso, porque no tengo bien la informaci\u00f3n, pero se entiende que, habl\u00f3 del municipio de Poza Rica, que lleg\u00f3 un partido de izquierda , o sea Morena, pues yo pensaba que por ser de izquierda, que el movimiento del 68 es parte de la historia de la izquierda comunista o socialista pues yo esperaba algo, ya est\u00e1s en el poder que cuando menos una corona en el parque Ju\u00e1rez, un evento cultural en memoria de la lucha, de los ca\u00eddos, de los encarcelados y de todo lo que representa ese movimiento&#8230;se dicen de izquierda, presumen, pero no hacen nada.<\/p>\n<p style=\"text-align: justify;\">Tienen recursos para hacer algo, pero no con ellos se cumple una m\u00e1xima de los griegos, agreg\u00f3 \u00abel dinero no tiene color ni olor\u00bb. Puso como ejemplo al gobierno de la Ciudad de M\u00e9xico, donde otro gobierno emanado de la izquierda s\u00ed honr\u00f3 la memoria de los muertos y desaparecidos en una de sus movilizaciones m\u00e1s importantes.<\/p>\n<p style=\"text-align: justify;\">El documental se present\u00f3 en la sala uno de videoconferencias de la unidad de servicios bibliotecarios y de informaci\u00f3n de la universidad veracruzana en la regi\u00f3n Poza Rica Tuxpan. Acudieron estudiantes de las facultades de Pedagog\u00eda, Ingenier\u00eda Qu\u00edmica, Enfermer\u00eda, as\u00ed como estudiantes de Ciencias de la Comunicaci\u00f3n de la Universidad de la Huasteca Veracruzana y p\u00fablico en general.<\/p>\n<p style=\"text-align: justify;\">Despu\u00e9s de la proyecci\u00f3n debate sobre el movimiento de 1968 participaron j\u00f3venes estudiantes universitarios y adultos. Alvarado, miembro de las juventudes comunistas desde 1963, hizo una convocatoria para que los ciudadanos no le temen a la discusi\u00f3n de las ideas y dijo que la gente no est\u00e1 dormida solo est\u00e1 desorganizada.<\/p>\n<p style=\"text-align: justify;\">Agreg\u00f3 que el movimiento del 68 representa actualmente la muestra de que se pueden mover las conciencias de los j\u00f3venes para participar en un cambio verdadero, aunque Ahora hay mucho miedo por la violencia que se vive en un r\u00e9gimen fascista que fomenta el miedo.<\/p>\n","protected":false},"excerpt":{"rendered":"<p>Visitas: 0Por: Luis Navarro | ENTERATEVER.COM No se entiende c\u00f3mo un gobierno que se dice de izquierda, como el emanado de Morena en Poza Rica, no haya conmemorado el 50 aniversario del movimiento estudiantil de 1968 que culmin\u00f3 con la matanza del 2 de octubre de aquel a\u00f1o. As\u00ed lo expres\u00f3 el acad\u00e9mico de la [&hellip;]<\/p>\n","protected":false},"author":2,"featured_media":165895,"comment_status":"open","ping_status":"open","sticky":false,"template":"","format":"standard","meta":{"footnotes":""},"categories":[299,213],"tags":[],"class_list":{"0":"post-165894","1":"post","2":"type-post","3":"status-publish","4":"format-standard","5":"has-post-thumbnail","7":"category-notas-locales","8":"category-poza-rica"},"nelio_content":{"isAutoShareEnabled":true,"autoShareEndMode":"never","automationSources":{"useCustomSentences":false,"customSentences":[]},"followers":[],"suggestedReferences":[],"efiUrl":"","efiAlt":"","highlights":[],"permalinkQueryArgs":[],"series":[]},"_links":{"self":[{"href":"https:\/\/www.enteratever.com\/2023\/wp-json\/wp\/v2\/posts\/165894","targetHints":{"allow":["GET"]}}],"collection":[{"href":"https:\/\/www.enteratever.com\/2023\/wp-json\/wp\/v2\/posts"}],"about":[{"href":"https:\/\/www.enteratever.com\/2023\/wp-json\/wp\/v2\/types\/post"}],"author":[{"embeddable":true,"href":"https:\/\/www.enteratever.com\/2023\/wp-json\/wp\/v2\/users\/2"}],"replies":[{"embeddable":true,"href":"https:\/\/www.enteratever.com\/2023\/wp-json\/wp\/v2\/comments?post=165894"}],"version-history":[{"count":0,"href":"https:\/\/www.enteratever.com\/2023\/wp-json\/wp\/v2\/posts\/165894\/revisions"}],"wp:featuredmedia":[{"embeddable":true,"href":"https:\/\/www.enteratever.com\/2023\/wp-json\/wp\/v2\/media\/165895"}],"wp:attachment":[{"href":"https:\/\/www.enteratever.com\/2023\/wp-json\/wp\/v2\/media?parent=165894"}],"wp:term":[{"taxonomy":"category","embeddable":true,"href":"https:\/\/www.enteratever.com\/2023\/wp-json\/wp\/v2\/categories?post=165894"},{"taxonomy":"post_tag","embeddable":true,"href":"https:\/\/www.enteratever.com\/2023\/wp-json\/wp\/v2\/tags?post=165894"}],"curies":[{"name":"wp","href":"https:\/\/api.w.org\/{rel}","templated":true}]}}