{"id":165752,"date":"2018-08-26T23:29:16","date_gmt":"2018-08-26T23:29:16","guid":{"rendered":"https:\/\/www.enteratever.com\/2023\/situacion-de-trabajadores-de-la-radio-y-la-television-es-mala-stirt\/"},"modified":"2018-08-26T23:29:16","modified_gmt":"2018-08-26T23:29:16","slug":"situacion-de-trabajadores-de-la-radio-y-la-television-es-mala-stirt","status":"publish","type":"post","link":"https:\/\/www.enteratever.com\/2023\/2018\/08\/26\/situacion-de-trabajadores-de-la-radio-y-la-television-es-mala-stirt\/","title":{"rendered":"Situaci\u00f3n de trabajadores de la radio y la televisi\u00f3n es mala: STIRT"},"content":{"rendered":"<p>Visitas: 1<\/p><p style=\"text-align: justify;\">Por: Pablo Espidio | Enteratever.com<\/p>\n<p style=\"text-align: justify;\">La situaci\u00f3n actual de los trabajadores de la radio y televisi\u00f3n\u00a0 de todo el pa\u00eds es muy mala y m\u00e1s para los que no pertenece a un sindicato ya que no tienen certeza en el empleo, prestaciones entre otras problemas, as\u00ed lo dio a conocer Ricardo Acedo Samaniego, Secretario General del Sindicato de Trabajadores de la Industria de la Radiodifusi\u00f3n, Televisi\u00f3n, Telecomunicaciones, Similares (STIRT).<\/p>\n<p style=\"text-align: justify;\">Reconoci\u00f3 que el pa\u00eds es injusto para la clase trabajadora, ya que millones de trabajadores no tienen empleo, algunos con empleos precario, otros no tienen la certeza del empleo, ni tiene seguro social y prestaciones, pero\u00a0 cuanta con\u00a0 un salarios miserable que no alcanzan para nada .<\/p>\n<p style=\"text-align: justify;\">El secretario general coment\u00f3 que actualmente cuentan con aproximadamente con\u00a0 once mil trabajadores los que forman parte del sindicato los cuales est\u00e1n divididos en medios como radio, televisi\u00f3n y sistemas de cable.<\/p>\n<p style=\"text-align: justify;\">Por otra parte habl\u00f3 sobre la insertidumbre en la que se encuentran con el nuevo Gobierno Federal , ya que esperan que cumpla todo lo que prometi\u00f3, al igual mencion\u00f3 sobre las gunas situaciones que les inquieta como lo es la decentralizacion que anunci\u00f3.<\/p>\n<p style=\"text-align: justify;\">Esto sucedi\u00f3 durante su visita\u00a0 del Secretario General a las oficinas de STIRT de la secci\u00f3n Poza Rica, ya que se llev\u00f3 acabo la elecci\u00f3n seccional para elegir al nuevo dirigente\u00a0 sindical debido a que termin\u00f3 el per\u00edodo de cuatro a\u00f1os de\u00a0 Rafael Fern\u00e1ndez Montero quien ten\u00eda este puesto.<\/p>\n","protected":false},"excerpt":{"rendered":"<p>Trabajadores se encuentran con incertidumbre por los anuncios que ha hecho Gobierno Federal<\/p>\n","protected":false},"author":4,"featured_media":165753,"comment_status":"open","ping_status":"open","sticky":false,"template":"","format":"standard","meta":{"footnotes":""},"categories":[299,213],"tags":[],"class_list":{"0":"post-165752","1":"post","2":"type-post","3":"status-publish","4":"format-standard","5":"has-post-thumbnail","7":"category-notas-locales","8":"category-poza-rica"},"nelio_content":{"isAutoShareEnabled":true,"autoShareEndMode":"never","automationSources":{"useCustomSentences":false,"customSentences":[]},"followers":[],"suggestedReferences":[],"efiUrl":"","efiAlt":"","highlights":[],"permalinkQueryArgs":[],"series":[]},"_links":{"self":[{"href":"https:\/\/www.enteratever.com\/2023\/wp-json\/wp\/v2\/posts\/165752","targetHints":{"allow":["GET"]}}],"collection":[{"href":"https:\/\/www.enteratever.com\/2023\/wp-json\/wp\/v2\/posts"}],"about":[{"href":"https:\/\/www.enteratever.com\/2023\/wp-json\/wp\/v2\/types\/post"}],"author":[{"embeddable":true,"href":"https:\/\/www.enteratever.com\/2023\/wp-json\/wp\/v2\/users\/4"}],"replies":[{"embeddable":true,"href":"https:\/\/www.enteratever.com\/2023\/wp-json\/wp\/v2\/comments?post=165752"}],"version-history":[{"count":0,"href":"https:\/\/www.enteratever.com\/2023\/wp-json\/wp\/v2\/posts\/165752\/revisions"}],"wp:featuredmedia":[{"embeddable":true,"href":"https:\/\/www.enteratever.com\/2023\/wp-json\/wp\/v2\/media\/165753"}],"wp:attachment":[{"href":"https:\/\/www.enteratever.com\/2023\/wp-json\/wp\/v2\/media?parent=165752"}],"wp:term":[{"taxonomy":"category","embeddable":true,"href":"https:\/\/www.enteratever.com\/2023\/wp-json\/wp\/v2\/categories?post=165752"},{"taxonomy":"post_tag","embeddable":true,"href":"https:\/\/www.enteratever.com\/2023\/wp-json\/wp\/v2\/tags?post=165752"}],"curies":[{"name":"wp","href":"https:\/\/api.w.org\/{rel}","templated":true}]}}