{"id":165746,"date":"2018-08-25T15:05:19","date_gmt":"2018-08-25T15:05:19","guid":{"rendered":"https:\/\/www.enteratever.com\/2023\/discriminacion-por-autismo-en-preescolar-de-poza-rica\/"},"modified":"2018-08-25T15:05:19","modified_gmt":"2018-08-25T15:05:19","slug":"discriminacion-por-autismo-en-preescolar-de-poza-rica","status":"publish","type":"post","link":"https:\/\/www.enteratever.com\/2023\/2018\/08\/25\/discriminacion-por-autismo-en-preescolar-de-poza-rica\/","title":{"rendered":"Discriminaci\u00f3n por autismo en preescolar de Poza Rica"},"content":{"rendered":"<p>Visitas: 2<\/p><p style=\"text-align: justify;\"><strong>Por: Pablo Espidio | Enteratever.com<\/strong><\/p>\n<p style=\"text-align: justify;\">Tras dar inicio el ciclo escolar 2018-2019 en una escuela preescolar de la colonia Santa Emilia un menor fue discriminado por padecer de autismo, es por eso que los padres del peque\u00f1o denunciaron este caso, as\u00ed lo dio a conocer Jaime Herrera Flores, regidor quinto comisionado en educaci\u00f3n.<\/p>\n<p style=\"text-align: justify;\">El funcionario coment\u00f3 que el caso del peque\u00f1o ya fue canalizado a las oficinas de la Secretaria de Educaci\u00f3n P\u00fablica (SEP) para que se les diera una soluci\u00f3n a este problema de discriminaci\u00f3n que se present\u00f3 en el k\u00ednder.<\/p>\n<p style=\"text-align: justify;\">Hasta donde se sabe sobre el caso del peque\u00f1o ya fue atendido por la SEP, pero no conocen las consecuencias que se puedan tener los directivos de la instituci\u00f3n por discriminar a un menor por tener una discapacidad.<\/p>\n<p style=\"text-align: justify;\">Al igual mencion\u00f3 que durante el periodo de vacacional la escuela Primaria Maximino P\u00e9rez sufri\u00f3 de robos, ya que comenta que por la parte trasera de la instituci\u00f3n est\u00e1 bald\u00edo y por ah\u00ed los asaltantes pueden entrar, hasta el momento es del \u00fanico caso de alguna escuela en donde se presentaron robaron.<\/p>\n<p style=\"text-align: justify;\">Por \u00faltimo se\u00f1al\u00f3 que estos han sido los \u00fanicos casos que de los que saben y que han llegado a la regidur\u00eda quinta, con lo cual han buscado solucionar los problemas que se presentaron.<\/p>\n","protected":false},"excerpt":{"rendered":"<p>Visitas: 2Por: Pablo Espidio | Enteratever.com Tras dar inicio el ciclo escolar 2018-2019 en una escuela preescolar de la colonia Santa Emilia un menor fue discriminado por padecer de autismo, es por eso que los padres del peque\u00f1o denunciaron este caso, as\u00ed lo dio a conocer Jaime Herrera Flores, regidor quinto comisionado en educaci\u00f3n. El [&hellip;]<\/p>\n","protected":false},"author":4,"featured_media":165747,"comment_status":"open","ping_status":"open","sticky":false,"template":"","format":"standard","meta":{"footnotes":""},"categories":[299,213],"tags":[],"class_list":{"0":"post-165746","1":"post","2":"type-post","3":"status-publish","4":"format-standard","5":"has-post-thumbnail","7":"category-notas-locales","8":"category-poza-rica"},"nelio_content":{"isAutoShareEnabled":true,"autoShareEndMode":"never","automationSources":{"useCustomSentences":false,"customSentences":[]},"followers":[],"suggestedReferences":[],"efiUrl":"","efiAlt":"","highlights":[],"permalinkQueryArgs":[],"series":[]},"_links":{"self":[{"href":"https:\/\/www.enteratever.com\/2023\/wp-json\/wp\/v2\/posts\/165746","targetHints":{"allow":["GET"]}}],"collection":[{"href":"https:\/\/www.enteratever.com\/2023\/wp-json\/wp\/v2\/posts"}],"about":[{"href":"https:\/\/www.enteratever.com\/2023\/wp-json\/wp\/v2\/types\/post"}],"author":[{"embeddable":true,"href":"https:\/\/www.enteratever.com\/2023\/wp-json\/wp\/v2\/users\/4"}],"replies":[{"embeddable":true,"href":"https:\/\/www.enteratever.com\/2023\/wp-json\/wp\/v2\/comments?post=165746"}],"version-history":[{"count":0,"href":"https:\/\/www.enteratever.com\/2023\/wp-json\/wp\/v2\/posts\/165746\/revisions"}],"wp:featuredmedia":[{"embeddable":true,"href":"https:\/\/www.enteratever.com\/2023\/wp-json\/wp\/v2\/media\/165747"}],"wp:attachment":[{"href":"https:\/\/www.enteratever.com\/2023\/wp-json\/wp\/v2\/media?parent=165746"}],"wp:term":[{"taxonomy":"category","embeddable":true,"href":"https:\/\/www.enteratever.com\/2023\/wp-json\/wp\/v2\/categories?post=165746"},{"taxonomy":"post_tag","embeddable":true,"href":"https:\/\/www.enteratever.com\/2023\/wp-json\/wp\/v2\/tags?post=165746"}],"curies":[{"name":"wp","href":"https:\/\/api.w.org\/{rel}","templated":true}]}}