{"id":165738,"date":"2018-08-24T00:00:09","date_gmt":"2018-08-24T00:00:09","guid":{"rendered":"https:\/\/www.enteratever.com\/2023\/750-mil-pesos-seran-utilizados-para-rehabilitar-el-ayuntamiento-de-poza-rica\/"},"modified":"2018-08-24T00:00:09","modified_gmt":"2018-08-24T00:00:09","slug":"750-mil-pesos-seran-utilizados-para-rehabilitar-el-ayuntamiento-de-poza-rica","status":"publish","type":"post","link":"https:\/\/www.enteratever.com\/2023\/2018\/08\/24\/750-mil-pesos-seran-utilizados-para-rehabilitar-el-ayuntamiento-de-poza-rica\/","title":{"rendered":"750 mil pesos ser\u00e1n utilizados para rehabilitar el Ayuntamiento de Poza Rica"},"content":{"rendered":"<p>Visitas: 1<\/p><p style=\"text-align: justify;\"><strong>Por: Pablo Espidio | Enteratever.com<\/strong><\/p>\n<p style=\"text-align: justify;\">750 mil pesos son los que se utilizan para la rehabilitaci\u00f3n del Palacio Municipal y del edificio administrativo de Poza Rica, esto fue aprobado hace algunas sesiones de cabildo, as\u00ed lo dio a conocer F\u00e9lix Iv\u00e1n Garc\u00eda Bustos, regidor primero comisionado en obras p\u00fablicas.<\/p>\n<p style=\"text-align: justify;\">El regidor se\u00f1al\u00f3 que en un mes ya estar\u00e1 concluidas las modificaciones que se est\u00e1n realizando en estos edificios, dentro de las mejoras se encuentra: pintura, rehabilitaciones de instalaciones, todo esto se estar\u00e1 realizando con Fondos de Aportaciones para el Fortalecimiento de los Municipios (FORTAMUN), mencion\u00f3 que el edificio administrativo es el que tiene m\u00e1s avances.<\/p>\n<p style=\"text-align: justify;\">Dentro de este proyecto tambi\u00e9n incluye la rehabilitaci\u00f3n de las oficinas de pasaportes, la cual se encuentra en el edificio administrativo, pero indic\u00f3 que en estos trabajos no se incluye a la creaci\u00f3n de rampas para personas que tengan alguna discapacidad.<\/p>\n<p style=\"text-align: justify;\">Record\u00f3 que la iniciativa de la colocaci\u00f3n de un elevador probablemente sea para el siguiente a\u00f1o, ya que esta apenas ser\u00e1 revisada en cabildo, todav\u00eda no es un proyecto en s\u00ed, espera que una vez que sea probada se adecuar\u00e1 este proyecto.<br \/>\nPor otro lado mencion\u00f3 que siguen las solicitudes de obras p\u00fablicas en el municipio por lo que se est\u00e1 tratando de gestionar con los recursos disponibles para tratar atender las peticiones de la ciudadan\u00eda, se\u00f1al\u00f3 que lo que m\u00e1s suelen pedir es pavimentaci\u00f3n de calles y banquetas.<\/p>\n<p style=\"text-align: justify;\">Por ultimo se\u00f1al\u00f3 que se est\u00e1 trabajando en la escuela primaria en la elaboraci\u00f3n del domo de colonia Villa de las Flores, la realizaci\u00f3n de un parque todo esto con recursos propios, se espera que se pueda seguir apoyando a todas aquellas colonias m\u00e1s vulnerables de la ciudad.<\/p>\n","protected":false},"excerpt":{"rendered":"<p>Visitas: 1Por: Pablo Espidio | Enteratever.com 750 mil pesos son los que se utilizan para la rehabilitaci\u00f3n del Palacio Municipal y del edificio administrativo de Poza Rica, esto fue aprobado hace algunas sesiones de cabildo, as\u00ed lo dio a conocer F\u00e9lix Iv\u00e1n Garc\u00eda Bustos, regidor primero comisionado en obras p\u00fablicas. El regidor se\u00f1al\u00f3 que en [&hellip;]<\/p>\n","protected":false},"author":4,"featured_media":165739,"comment_status":"open","ping_status":"open","sticky":false,"template":"","format":"standard","meta":{"footnotes":""},"categories":[299,213],"tags":[],"class_list":{"0":"post-165738","1":"post","2":"type-post","3":"status-publish","4":"format-standard","5":"has-post-thumbnail","7":"category-notas-locales","8":"category-poza-rica"},"nelio_content":{"isAutoShareEnabled":true,"autoShareEndMode":"never","automationSources":{"useCustomSentences":false,"customSentences":[]},"followers":[],"suggestedReferences":[],"efiUrl":"","efiAlt":"","highlights":[],"permalinkQueryArgs":[],"series":[]},"_links":{"self":[{"href":"https:\/\/www.enteratever.com\/2023\/wp-json\/wp\/v2\/posts\/165738","targetHints":{"allow":["GET"]}}],"collection":[{"href":"https:\/\/www.enteratever.com\/2023\/wp-json\/wp\/v2\/posts"}],"about":[{"href":"https:\/\/www.enteratever.com\/2023\/wp-json\/wp\/v2\/types\/post"}],"author":[{"embeddable":true,"href":"https:\/\/www.enteratever.com\/2023\/wp-json\/wp\/v2\/users\/4"}],"replies":[{"embeddable":true,"href":"https:\/\/www.enteratever.com\/2023\/wp-json\/wp\/v2\/comments?post=165738"}],"version-history":[{"count":0,"href":"https:\/\/www.enteratever.com\/2023\/wp-json\/wp\/v2\/posts\/165738\/revisions"}],"wp:featuredmedia":[{"embeddable":true,"href":"https:\/\/www.enteratever.com\/2023\/wp-json\/wp\/v2\/media\/165739"}],"wp:attachment":[{"href":"https:\/\/www.enteratever.com\/2023\/wp-json\/wp\/v2\/media?parent=165738"}],"wp:term":[{"taxonomy":"category","embeddable":true,"href":"https:\/\/www.enteratever.com\/2023\/wp-json\/wp\/v2\/categories?post=165738"},{"taxonomy":"post_tag","embeddable":true,"href":"https:\/\/www.enteratever.com\/2023\/wp-json\/wp\/v2\/tags?post=165738"}],"curies":[{"name":"wp","href":"https:\/\/api.w.org\/{rel}","templated":true}]}}