{"id":165734,"date":"2018-08-23T15:34:11","date_gmt":"2018-08-23T15:34:11","guid":{"rendered":"https:\/\/www.enteratever.com\/2023\/mas-empresarios-rechazan-los-cambios-al-festival-cumbre-tajin-que-propone-cuitlahuac\/"},"modified":"2018-08-23T15:34:11","modified_gmt":"2018-08-23T15:34:11","slug":"mas-empresarios-rechazan-los-cambios-al-festival-cumbre-tajin-que-propone-cuitlahuac","status":"publish","type":"post","link":"https:\/\/www.enteratever.com\/2023\/2018\/08\/23\/mas-empresarios-rechazan-los-cambios-al-festival-cumbre-tajin-que-propone-cuitlahuac\/","title":{"rendered":"M\u00e1s empresarios rechazan los cambios al Festival Cumbre Taj\u00edn que propone Cuitl\u00e1huac"},"content":{"rendered":"<p>Visitas: 1<\/p><p style=\"text-align: justify;\"><strong>Por: Pablo Espidio | Enteratever.com<\/strong><\/p>\n<p style=\"text-align: justify;\">Tras la declaraci\u00f3n del Gobernador Electo, Cuitl\u00e1huac Garc\u00eda Jim\u00e9nez de que los conciertos que se realizan en el Festival Cumbre Taj\u00edn el pr\u00f3ximo a\u00f1o se estar\u00e1n llevando a cabo en el municipio de Costa Esmeralda, Francisco El\u00edas Guevara, Presidente de la C\u00e1mara de Asociaci\u00f3n de Hoteles y Moteles de la zona norte del estado tambi\u00e9n coment\u00f3 que est\u00e1 en contra de que los conciertos y las actividades culturales se separe ya que generar\u00eda problemas en la derrama econ\u00f3mica en Poza Rica.<\/p>\n<p style=\"text-align: justify;\">Durante la entrevista, El\u00edas Guevara declar\u00f3 que esto generar\u00eda un problema muy importante en la econom\u00eda de en el municipio, ya que se hasta el momento se sabe que los municipios que se ver\u00edan beneficiados ser\u00edan Papantla, Tuxpan y Costa Esmeralda, por lo que el municipio no recibir\u00eda la misma cantidad de visitantes como a\u00f1os anteriores.<br \/>\nAl igual dijo que Papantla a pesar de ser la sede del festival no cuenta con la infraestructura para albergar a una gran cantidad de turistas como lo hace Poza Rica, es por eso que es importante que la ciudad tambi\u00e9n sea parte de este festival.<\/p>\n<p style=\"text-align: justify;\">Se\u00f1al\u00f3 que el nuevo gobierno est\u00e1 dispuesto a dialogar para la mejora de la zona norte y se pueda llevar el festival de mejor forma, coment\u00f3 que se est\u00e1 trabajando en la realizaci\u00f3n de propuestas para que se lleve a cabo Cumbre Taj\u00edn con una derrama econ\u00f3mica que beneficie toda la zona y no para ciertos municipios.<\/p>\n<p style=\"text-align: justify;\">Por \u00faltimo mencion\u00f3 que est\u00e1 a favor de que se levante toda la regi\u00f3n y que no solo se realice un solo festival, sino a que se realicen m\u00e1s eventos y que se utilice con mayor frecuencia el Parque Tem\u00e1tico Takilhsukut, ya que es una muy buena infraestructura que se tiene en la zona.<\/p>\n","protected":false},"excerpt":{"rendered":"<p>Visitas: 1Por: Pablo Espidio | Enteratever.com Tras la declaraci\u00f3n del Gobernador Electo, Cuitl\u00e1huac Garc\u00eda Jim\u00e9nez de que los conciertos que se realizan en el Festival Cumbre Taj\u00edn el pr\u00f3ximo a\u00f1o se estar\u00e1n llevando a cabo en el municipio de Costa Esmeralda, Francisco El\u00edas Guevara, Presidente de la C\u00e1mara de Asociaci\u00f3n de Hoteles y Moteles de [&hellip;]<\/p>\n","protected":false},"author":4,"featured_media":165735,"comment_status":"open","ping_status":"open","sticky":false,"template":"","format":"standard","meta":{"footnotes":""},"categories":[299,213],"tags":[],"class_list":{"0":"post-165734","1":"post","2":"type-post","3":"status-publish","4":"format-standard","5":"has-post-thumbnail","7":"category-notas-locales","8":"category-poza-rica"},"nelio_content":{"isAutoShareEnabled":true,"autoShareEndMode":"never","automationSources":{"useCustomSentences":false,"customSentences":[]},"followers":[],"suggestedReferences":[],"efiUrl":"","efiAlt":"","highlights":[],"permalinkQueryArgs":[],"series":[]},"_links":{"self":[{"href":"https:\/\/www.enteratever.com\/2023\/wp-json\/wp\/v2\/posts\/165734","targetHints":{"allow":["GET"]}}],"collection":[{"href":"https:\/\/www.enteratever.com\/2023\/wp-json\/wp\/v2\/posts"}],"about":[{"href":"https:\/\/www.enteratever.com\/2023\/wp-json\/wp\/v2\/types\/post"}],"author":[{"embeddable":true,"href":"https:\/\/www.enteratever.com\/2023\/wp-json\/wp\/v2\/users\/4"}],"replies":[{"embeddable":true,"href":"https:\/\/www.enteratever.com\/2023\/wp-json\/wp\/v2\/comments?post=165734"}],"version-history":[{"count":0,"href":"https:\/\/www.enteratever.com\/2023\/wp-json\/wp\/v2\/posts\/165734\/revisions"}],"wp:featuredmedia":[{"embeddable":true,"href":"https:\/\/www.enteratever.com\/2023\/wp-json\/wp\/v2\/media\/165735"}],"wp:attachment":[{"href":"https:\/\/www.enteratever.com\/2023\/wp-json\/wp\/v2\/media?parent=165734"}],"wp:term":[{"taxonomy":"category","embeddable":true,"href":"https:\/\/www.enteratever.com\/2023\/wp-json\/wp\/v2\/categories?post=165734"},{"taxonomy":"post_tag","embeddable":true,"href":"https:\/\/www.enteratever.com\/2023\/wp-json\/wp\/v2\/tags?post=165734"}],"curies":[{"name":"wp","href":"https:\/\/api.w.org\/{rel}","templated":true}]}}