{"id":165728,"date":"2018-08-22T21:03:07","date_gmt":"2018-08-22T21:03:07","guid":{"rendered":"https:\/\/www.enteratever.com\/2023\/no-habra-venta-de-bebidas-alcoholicas-durante-fiestas-patrias-en-poza-rica\/"},"modified":"2018-08-22T21:03:07","modified_gmt":"2018-08-22T21:03:07","slug":"no-habra-venta-de-bebidas-alcoholicas-durante-fiestas-patrias-en-poza-rica","status":"publish","type":"post","link":"https:\/\/www.enteratever.com\/2023\/2018\/08\/22\/no-habra-venta-de-bebidas-alcoholicas-durante-fiestas-patrias-en-poza-rica\/","title":{"rendered":"No habr\u00e1 venta de bebidas alcoh\u00f3licas durante fiestas patrias en Poza Rica"},"content":{"rendered":"<p>Visitas: 1<\/p><p style=\"text-align: justify;\"><strong>Por: Pablo Espidio | Enteratever.com<\/strong><\/p>\n<p style=\"text-align: justify;\">Con el fin de conmemorar un a\u00f1o m\u00e1s de la independencia de M\u00e9xico, el Gobierno Municipal de Poza Rica realizar\u00e1 un evento lleno de cultura y de diferentes actividades, al cual las familias pozarricenses podr\u00e1n acudir, este se realizar\u00e1 en a la explanada del palacio municipal para dar el tradicional grito de independencia y disfrutar de esta festividad.<\/p>\n<p style=\"text-align: justify;\">Durante el evento no se permitir\u00e1 la venta de alcohol y tampoco se podr\u00e1 acceder con ning\u00fan tipo de bebida alcoh\u00f3lica esto con el fin de evitar alg\u00fan imprevisto y quieren que sea una festividad completamente familiar y todos aquellos que acudan est\u00e9n tranquilos durante el grito de independencia.<\/p>\n<p style=\"text-align: justify;\">Se tiene varias actividades programadas las cuales se estar\u00e1n realizando durante el evento, como la carrera de meseros, inauguraci\u00f3n de la feria de antojitos, presentaciones art\u00edsticas protocolo del grito de independencia, los juegos pirot\u00e9cnicos y para cerrar el evento el tradicional baile popular, cabe se\u00f1alar que todos estos eventos ser\u00e1n gratuitos a todo p\u00fablico.<\/p>\n<p style=\"text-align: justify;\">El alcalde Francisco Javier Vel\u00e1zquez Vallejo coment\u00f3 que se estar\u00e1n entregando mil tickets de cenas para las personas de las colonias m\u00e1s marginadas para que tambi\u00e9n puedan degustar de los platillos que se estar\u00e1n preparando en la feria de los antojitos y disfruten de todas las actividades que se tiene preparadas para la ciudadan\u00eda.<\/p>\n<p style=\"text-align: justify;\">Al igual Paola Barrientos Valdez se\u00f1orita independencia 2017, realiz\u00f3 la invitaci\u00f3n a todas las se\u00f1oritas que quieran participar para obtener el t\u00edtulo de se\u00f1orita independencia, ya que solo ser\u00e1n doce las chicas que estar\u00e1n concursando para la obtener la corona y que deben de sentirse orgullosas de portar el t\u00edtulo.<\/p>\n<p style=\"text-align: justify;\">Tambi\u00e9n se realiz\u00f3 la invitaci\u00f3n a las escuelas, clubs deportivos, asociaciones civiles, grupos comerciales y todos aquellos que quieran participar en el desfile c\u00edvico del 16 de septiembre pueden acudir a las oficinas de la regidur\u00eda quinta la cual est\u00e1 a cargo Jaime Herrera Flores, tendr\u00e1n hasta el d\u00eda 13 de septiembre para inscribirse, se recalc\u00f3 que la inscripci\u00f3n no tiene ning\u00fan costo.<br \/>\nEl desfile dar\u00e1 inicio del puente de arroyo Hueleque el cual se encuentra situado en el bulevar Adolfo Ru\u00edz Cortines y terminar\u00e1 en la avenida Benito Ju\u00e1rez, este comenzar\u00e1 en punto de las 10:30 horas, donde las escuelas de los diferentes niveles educativos y organizaciones estar\u00e1n conmemorando este suceso hist\u00f3rico.<\/p>\n<p style=\"text-align: justify;\">Por \u00faltimo Vel\u00e1zquez Vallejo invit\u00f3 a toda la ciudadan\u00eda a que coloquen alg\u00fan distintivo en sus hogares y sentirnos orgullosos de ser mexicanos, ya que en los \u00faltimos a\u00f1os se ha ido perdiendo el respeto a nuestros s\u00edmbolos patrios.<\/p>\n","protected":false},"excerpt":{"rendered":"<p>Visitas: 1Por: Pablo Espidio | Enteratever.com Con el fin de conmemorar un a\u00f1o m\u00e1s de la independencia de M\u00e9xico, el Gobierno Municipal de Poza Rica realizar\u00e1 un evento lleno de cultura y de diferentes actividades, al cual las familias pozarricenses podr\u00e1n acudir, este se realizar\u00e1 en a la explanada del palacio municipal para dar el [&hellip;]<\/p>\n","protected":false},"author":4,"featured_media":165729,"comment_status":"open","ping_status":"open","sticky":false,"template":"","format":"standard","meta":{"footnotes":""},"categories":[299,213],"tags":[],"class_list":{"0":"post-165728","1":"post","2":"type-post","3":"status-publish","4":"format-standard","5":"has-post-thumbnail","7":"category-notas-locales","8":"category-poza-rica"},"nelio_content":{"isAutoShareEnabled":true,"autoShareEndMode":"never","automationSources":{"useCustomSentences":false,"customSentences":[]},"followers":[],"suggestedReferences":[],"efiUrl":"","efiAlt":"","highlights":[],"permalinkQueryArgs":[],"series":[]},"_links":{"self":[{"href":"https:\/\/www.enteratever.com\/2023\/wp-json\/wp\/v2\/posts\/165728","targetHints":{"allow":["GET"]}}],"collection":[{"href":"https:\/\/www.enteratever.com\/2023\/wp-json\/wp\/v2\/posts"}],"about":[{"href":"https:\/\/www.enteratever.com\/2023\/wp-json\/wp\/v2\/types\/post"}],"author":[{"embeddable":true,"href":"https:\/\/www.enteratever.com\/2023\/wp-json\/wp\/v2\/users\/4"}],"replies":[{"embeddable":true,"href":"https:\/\/www.enteratever.com\/2023\/wp-json\/wp\/v2\/comments?post=165728"}],"version-history":[{"count":0,"href":"https:\/\/www.enteratever.com\/2023\/wp-json\/wp\/v2\/posts\/165728\/revisions"}],"wp:featuredmedia":[{"embeddable":true,"href":"https:\/\/www.enteratever.com\/2023\/wp-json\/wp\/v2\/media\/165729"}],"wp:attachment":[{"href":"https:\/\/www.enteratever.com\/2023\/wp-json\/wp\/v2\/media?parent=165728"}],"wp:term":[{"taxonomy":"category","embeddable":true,"href":"https:\/\/www.enteratever.com\/2023\/wp-json\/wp\/v2\/categories?post=165728"},{"taxonomy":"post_tag","embeddable":true,"href":"https:\/\/www.enteratever.com\/2023\/wp-json\/wp\/v2\/tags?post=165728"}],"curies":[{"name":"wp","href":"https:\/\/api.w.org\/{rel}","templated":true}]}}