{"id":165726,"date":"2018-08-21T22:18:23","date_gmt":"2018-08-21T22:18:23","guid":{"rendered":"https:\/\/www.enteratever.com\/2023\/crit-reconocera-a-empresas-y-escuelas-incluyentes\/"},"modified":"2018-08-21T22:18:23","modified_gmt":"2018-08-21T22:18:23","slug":"crit-reconocera-a-empresas-y-escuelas-incluyentes","status":"publish","type":"post","link":"https:\/\/www.enteratever.com\/2023\/2018\/08\/21\/crit-reconocera-a-empresas-y-escuelas-incluyentes\/","title":{"rendered":"CRIT reconocer\u00e1 a empresas y escuelas incluyentes"},"content":{"rendered":"<p>Visitas: 1<\/p><p style=\"text-align: justify;\"><strong>Por: Pablo Espidio | Enteratever.com<\/strong><\/p>\n<p style=\"text-align: justify;\">Con el fin de reconocer tanto a las empresas e instituciones educativas que constantemente realizan actividades para incluir a personas con alg\u00fan tipo de discapacidad el Centro de Rehabilitaci\u00f3n Infantil Telet\u00f3n (CRIT) Veracruz lanz\u00f3 una convocatoria para invitar a la ciudadan\u00eda a participar en el primer concurso de la empresa y escuela m\u00e1s incluyente.<\/p>\n<p style=\"text-align: justify;\">\u00c1ngel Rene Zavaleta, Director del CRIT Veracruz, coment\u00f3 que los d\u00edas 27 y 28 de septiembre en la Plaza C\u00edvica 18 de Marzo se estar\u00e1n realizando jornadas las cuales est\u00e1n destinadas al apoyo a la sociedad, se estar\u00e1 brindando orientaci\u00f3n en terapia del lenguaje, f\u00edsica y ocupacional, al igual se estar\u00e1n proporcionado consultas m\u00e9dicas para la poblaci\u00f3n en general, dicha actividad se est\u00e1 trabajando con el DIF municipal.<\/p>\n<p style=\"text-align: justify;\">Durante la jornada se estar\u00e1 otorgando un premio a la empresa o escuela que fomenten los derechos de las personas con alguna discapacidad, todas aquellas que se quieran inscribir se estar\u00e1n realizando una evaluaci\u00f3n de que cumplan con los accesos adecuados, los ba\u00f1os adaptados, rampas y estacionamientos para personas con discapacidad y que los respeten.<\/p>\n<p style=\"text-align: justify;\">Mencion\u00f3 que esto se hace con el fin de incentivar tanto a las escuelas como a las empresas a que se puedan promover entre todos las mejores condiciones para las personas que tienen alguna discapacidad y tambi\u00e9n de que todos aquellos que no conozcan lo que ellos realizan puedan conocer las diferentes actividades que llevan a cabo.<\/p>\n<p style=\"text-align: justify;\">Se espera que cada a\u00f1o durante la realizaci\u00f3n de las jornadas se est\u00e9 llevando a cabo esta actividad para que m\u00e1s empresas se sumen a esta labor que est\u00e1n realizando de incluir a las personas que tienen alguna discapacidad, se\u00f1al\u00f3 que el ganador recibir\u00e1 un reconocimiento social.<\/p>\n<p style=\"text-align: justify;\">Esta actividad esperan poderla realizar en el municipio de Papantla en el mes de octubre, el director coment\u00f3 que el a\u00f1o pasado tuvieron un ensayo en Mart\u00ednez de la Torre en donde fue un gran \u00e9xito, al igual el municipio de Cazones se piensa realizar esta actividad, ahora su intenci\u00f3n es que puedan ir a dos o tres municipios para que la gente pueda recibir una atenci\u00f3n m\u00e9dica.<\/p>\n<p style=\"text-align: justify;\">Por \u00faltimo se\u00f1al\u00f3 que en Poza Rica las empresas y las escuelas se tienen muy buena actitud relacionado a este tipo de eventos pero lamentablemente en la ciudad no cuentan con las estructuras apropiadas para las personas que tiene alg\u00fan tipo de discapacidad pero espera que poco a poco con la realizaci\u00f3n de estas jornadas las empresas comiencen a trabajar en ello.<\/p>\n","protected":false},"excerpt":{"rendered":"<p>Visitas: 1Por: Pablo Espidio | Enteratever.com Con el fin de reconocer tanto a las empresas e instituciones educativas que constantemente realizan actividades para incluir a personas con alg\u00fan tipo de discapacidad el Centro de Rehabilitaci\u00f3n Infantil Telet\u00f3n (CRIT) Veracruz lanz\u00f3 una convocatoria para invitar a la ciudadan\u00eda a participar en el primer concurso de la [&hellip;]<\/p>\n","protected":false},"author":4,"featured_media":165727,"comment_status":"open","ping_status":"open","sticky":false,"template":"","format":"standard","meta":{"footnotes":""},"categories":[299,213],"tags":[],"class_list":{"0":"post-165726","1":"post","2":"type-post","3":"status-publish","4":"format-standard","5":"has-post-thumbnail","7":"category-notas-locales","8":"category-poza-rica"},"nelio_content":{"isAutoShareEnabled":true,"autoShareEndMode":"never","automationSources":{"useCustomSentences":false,"customSentences":[]},"followers":[],"suggestedReferences":[],"efiUrl":"","efiAlt":"","highlights":[],"permalinkQueryArgs":[],"series":[]},"_links":{"self":[{"href":"https:\/\/www.enteratever.com\/2023\/wp-json\/wp\/v2\/posts\/165726","targetHints":{"allow":["GET"]}}],"collection":[{"href":"https:\/\/www.enteratever.com\/2023\/wp-json\/wp\/v2\/posts"}],"about":[{"href":"https:\/\/www.enteratever.com\/2023\/wp-json\/wp\/v2\/types\/post"}],"author":[{"embeddable":true,"href":"https:\/\/www.enteratever.com\/2023\/wp-json\/wp\/v2\/users\/4"}],"replies":[{"embeddable":true,"href":"https:\/\/www.enteratever.com\/2023\/wp-json\/wp\/v2\/comments?post=165726"}],"version-history":[{"count":0,"href":"https:\/\/www.enteratever.com\/2023\/wp-json\/wp\/v2\/posts\/165726\/revisions"}],"wp:featuredmedia":[{"embeddable":true,"href":"https:\/\/www.enteratever.com\/2023\/wp-json\/wp\/v2\/media\/165727"}],"wp:attachment":[{"href":"https:\/\/www.enteratever.com\/2023\/wp-json\/wp\/v2\/media?parent=165726"}],"wp:term":[{"taxonomy":"category","embeddable":true,"href":"https:\/\/www.enteratever.com\/2023\/wp-json\/wp\/v2\/categories?post=165726"},{"taxonomy":"post_tag","embeddable":true,"href":"https:\/\/www.enteratever.com\/2023\/wp-json\/wp\/v2\/tags?post=165726"}],"curies":[{"name":"wp","href":"https:\/\/api.w.org\/{rel}","templated":true}]}}