{"id":165710,"date":"2018-08-17T19:15:27","date_gmt":"2018-08-17T19:15:27","guid":{"rendered":"https:\/\/www.enteratever.com\/2023\/cuitlahuac-garcia-promete-impulsar-el-turismo-y-la-cultura-durante-su-administracion\/"},"modified":"2018-08-17T19:15:27","modified_gmt":"2018-08-17T19:15:27","slug":"cuitlahuac-garcia-promete-impulsar-el-turismo-y-la-cultura-durante-su-administracion","status":"publish","type":"post","link":"https:\/\/www.enteratever.com\/2023\/2018\/08\/17\/cuitlahuac-garcia-promete-impulsar-el-turismo-y-la-cultura-durante-su-administracion\/","title":{"rendered":"Cuitl\u00e1huac Garc\u00eda promete impulsar el turismo y la cultura durante su administraci\u00f3n"},"content":{"rendered":"<p>Visitas: 1<\/p><p style=\"text-align: justify;\"><strong>Por: Pablo Espidio | Enteratever.com<\/strong><\/p>\n<p style=\"text-align: justify;\">Durante la visita al Palacio Municipal de Poza Rica de Cuitl\u00e1huac Garc\u00eda Jim\u00e9nez, Gobernador Electo se reuni\u00f3 con Francisco Javier Vel\u00e1zquez Vallejo, Presidente Municipal, mencion\u00f3 que una vez y que ocupe el cargo oficialmente se estar\u00e1 trabajando con el objetivo de poder mejorar el estado.<\/p>\n<p style=\"text-align: justify;\">El futuro mandatario estar\u00e1 realizando un recorrido por varios municipios de la zona norte del estado, esto con la finalidad de seguir trabajando y mejorar los eventos culturales y la econom\u00eda de cada uno de ellos.<\/p>\n<p style=\"text-align: justify;\">Se\u00f1al\u00f3 que en su mandato como Gobernador de Veracruz se estar\u00e1 impulsando a peque\u00f1as, medianas y grandes y est\u00e1n invitando a empresas internacionales para que se asocien con empresarios locales para que de esta forma puedan incrementar la derrama econ\u00f3mica del municipio.<\/p>\n<p style=\"text-align: justify;\">En lo relacionado al turismo se seguir\u00e1n buscando la manera de impulsar varias acciones de turismo aparte del plan que ellos ya tienen, al igual confirm\u00f3 que el Festival Cumbre Taj\u00edn se continuar\u00e1 realizando y que la cultura sea conocida internacionalmente, en el sur del estado, el pr\u00f3ximo a\u00f1o tambi\u00e9n se estar\u00e1n realizando varias actividades ya que cumple 500 a\u00f1os la ciudad de Veracruz.<\/p>\n<p style=\"text-align: justify;\">Por \u00faltimo mencion\u00f3 que Andr\u00e9s Manuel L\u00f3pez Obrador, Presidente Electo a la presidencia del pa\u00eds, quiere realizar una gira por todo el estado de Veracruz despu\u00e9s del primero de diciembre, una vez que sea nombrado oficialmente como Presidente de M\u00e9xico.<\/p>\n","protected":false},"excerpt":{"rendered":"<p>Visitas: 1Por: Pablo Espidio | Enteratever.com Durante la visita al Palacio Municipal de Poza Rica de Cuitl\u00e1huac Garc\u00eda Jim\u00e9nez, Gobernador Electo se reuni\u00f3 con Francisco Javier Vel\u00e1zquez Vallejo, Presidente Municipal, mencion\u00f3 que una vez y que ocupe el cargo oficialmente se estar\u00e1 trabajando con el objetivo de poder mejorar el estado. El futuro mandatario estar\u00e1 [&hellip;]<\/p>\n","protected":false},"author":4,"featured_media":165711,"comment_status":"open","ping_status":"open","sticky":false,"template":"","format":"standard","meta":{"footnotes":""},"categories":[299,213],"tags":[],"class_list":{"0":"post-165710","1":"post","2":"type-post","3":"status-publish","4":"format-standard","5":"has-post-thumbnail","7":"category-notas-locales","8":"category-poza-rica"},"nelio_content":{"isAutoShareEnabled":true,"autoShareEndMode":"never","automationSources":{"useCustomSentences":false,"customSentences":[]},"followers":[],"suggestedReferences":[],"efiUrl":"","efiAlt":"","highlights":[],"permalinkQueryArgs":[],"series":[]},"_links":{"self":[{"href":"https:\/\/www.enteratever.com\/2023\/wp-json\/wp\/v2\/posts\/165710","targetHints":{"allow":["GET"]}}],"collection":[{"href":"https:\/\/www.enteratever.com\/2023\/wp-json\/wp\/v2\/posts"}],"about":[{"href":"https:\/\/www.enteratever.com\/2023\/wp-json\/wp\/v2\/types\/post"}],"author":[{"embeddable":true,"href":"https:\/\/www.enteratever.com\/2023\/wp-json\/wp\/v2\/users\/4"}],"replies":[{"embeddable":true,"href":"https:\/\/www.enteratever.com\/2023\/wp-json\/wp\/v2\/comments?post=165710"}],"version-history":[{"count":0,"href":"https:\/\/www.enteratever.com\/2023\/wp-json\/wp\/v2\/posts\/165710\/revisions"}],"wp:featuredmedia":[{"embeddable":true,"href":"https:\/\/www.enteratever.com\/2023\/wp-json\/wp\/v2\/media\/165711"}],"wp:attachment":[{"href":"https:\/\/www.enteratever.com\/2023\/wp-json\/wp\/v2\/media?parent=165710"}],"wp:term":[{"taxonomy":"category","embeddable":true,"href":"https:\/\/www.enteratever.com\/2023\/wp-json\/wp\/v2\/categories?post=165710"},{"taxonomy":"post_tag","embeddable":true,"href":"https:\/\/www.enteratever.com\/2023\/wp-json\/wp\/v2\/tags?post=165710"}],"curies":[{"name":"wp","href":"https:\/\/api.w.org\/{rel}","templated":true}]}}